{"id":98146,"date":"2022-02-25T09:25:20","date_gmt":"2022-02-25T08:25:20","guid":{"rendered":"https:\/\/www.horecaexpo.be\/lafosse-demarre-lannee-2022-avec-deux-grands-projets-de-reference\/"},"modified":"2022-02-25T10:56:47","modified_gmt":"2022-02-25T09:56:47","slug":"lafosse-demarre-lannee-2022-avec-deux-grands-projets-de-reference","status":"publish","type":"post","link":"https:\/\/www.horecaexpo.be\/fr\/lafosse-demarre-lannee-2022-avec-deux-grands-projets-de-reference\/","title":{"rendered":"Lafosse d\u00e9marre l&rsquo;ann\u00e9e 2022 avec deux grands projets de r\u00e9f\u00e9rence."},"content":{"rendered":"\t\t<div data-elementor-type=\"wp-post\" data-elementor-id=\"98146\" class=\"elementor elementor-98146 elementor-98132\" data-elementor-post-type=\"post\">\n\t\t\t\t\t\t<section class=\"elementor-section elementor-top-section elementor-element elementor-element-a874c22 elementor-section-boxed elementor-section-height-default elementor-section-height-default\" data-id=\"a874c22\" data-element_type=\"section\">\n\t\t\t\t\t\t<div class=\"elementor-container elementor-column-gap-default\">\n\t\t\t\t\t<div class=\"elementor-column elementor-col-100 elementor-top-column elementor-element elementor-element-5621469\" data-id=\"5621469\" data-element_type=\"column\">\n\t\t\t<div class=\"elementor-widget-wrap elementor-element-populated\">\n\t\t\t\t\t\t<div class=\"elementor-element elementor-element-b1f2769 elementor-widget elementor-widget-text-editor\" data-id=\"b1f2769\" data-element_type=\"widget\" data-widget_type=\"text-editor.default\">\n\t\t\t\t<div class=\"elementor-widget-container\">\n\t\t\t\t\t\t\t\t\t<p>Lafosse Kitchen Technology &#8211; le tout premier exposant d&rsquo;Horeca Expo il y a plus de 30 ans &#8211; a r\u00e9cemment \u00e9t\u00e9 s\u00e9lectionn\u00e9 pour livrer la cuisine sur mesure du <strong>nouveau projet Blueness de Sergio Herman<\/strong> \u00e0 Anvers. En outre, l&rsquo;installateur de projets de cuisines professionnelles est \u00e9galement responsable de la nouvelle histoire de <strong>Willem Hiele<\/strong> \u00e0 Oudenburg.<\/p>\n\t\t\t\t\t\t\t\t<\/div>\n\t\t\t\t<\/div>\n\t\t\t\t<div class=\"elementor-element elementor-element-3434afa elementor-widget elementor-widget-text-editor\" data-id=\"3434afa\" data-element_type=\"widget\" data-widget_type=\"text-editor.default\">\n\t\t\t\t<div class=\"elementor-widget-container\">\n\t\t\t\t\t\t\t\t\t<p>Ce n&rsquo;est pas un hasard si les deux grands chefs choisissent Lafosse. L&rsquo;entreprise de Gullegem ne se distingue pas seulement par <strong>l&rsquo;utilisation de mat\u00e9riaux de qualit\u00e9<\/strong>, mais aussi par <strong>une approche int\u00e9gr\u00e9e<\/strong>. Avec le chef, ils suivent une trajectoire intensive au cours de laquelle la cuisine est model\u00e9e en fonction de ses besoins et de ses souhaits. Lafosse est \u00e9galement responsable de l&rsquo;installation, de la livraison et du service apr\u00e8s-vente. Ainsi, un seul point de contact pour l&rsquo;ensemble du processus.<\/p>\n\t\t\t\t\t\t\t\t<\/div>\n\t\t\t\t<\/div>\n\t\t\t\t<div class=\"elementor-element elementor-element-f2acdae elementor-widget elementor-widget-heading\" data-id=\"f2acdae\" data-element_type=\"widget\" data-widget_type=\"heading.default\">\n\t\t\t\t<div class=\"elementor-widget-container\">\n\t\t\t\t\t<h2 class=\"elementor-heading-title elementor-size-default\">No-nonsense<\/h2>\t\t\t\t<\/div>\n\t\t\t\t<\/div>\n\t\t\t\t<div class=\"elementor-element elementor-element-e8bd6e5 elementor-widget elementor-widget-text-editor\" data-id=\"e8bd6e5\" data-element_type=\"widget\" data-widget_type=\"text-editor.default\">\n\t\t\t\t<div class=\"elementor-widget-container\">\n\t\t\t\t\t\t\t\t\t<p>\u00ab\u00a0Sergio Herman a \u00e9t\u00e9 imm\u00e9diatement s\u00e9duit par notre approche pragmatique\u00a0\u00bb, d\u00e9clare <strong>Karel Lafosse<\/strong>, directeur g\u00e9n\u00e9ral de Lafosse Kitchen Technology. \u00ab\u00a0Lors d&rsquo;une visite d&rsquo;entreprise dans nos locaux, il est rapidement apparu qu&rsquo;en plus d&rsquo;un d\u00e9clic personnel, il y avait \u00e9galement une ad\u00e9quation parfaite entre nos deux entreprises : le groupe Sergio Herman et Lafosse Kitchen Technology.\u00a0\u00bb<\/p>\n\t\t\t\t\t\t\t\t<\/div>\n\t\t\t\t<\/div>\n\t\t\t\t<div class=\"elementor-element elementor-element-9cac4d0 elementor-widget elementor-widget-text-editor\" data-id=\"9cac4d0\" data-element_type=\"widget\" data-widget_type=\"text-editor.default\">\n\t\t\t\t<div class=\"elementor-widget-container\">\n\t\t\t\t\t\t\t\t\t<p>Dans les deux projets de r\u00e9f\u00e9rence, les projets cr\u00e9atifs des grands chefs sont soutenus par de v\u00e9ritables familles d&rsquo;entrepreneurs. Dans le cas de Sergio Herman, il s&rsquo;agit de<strong> la famille Dheedene<\/strong>, qui a d\u00e9j\u00e0 gagn\u00e9 ses galons dans la mode et se concentre d\u00e9sormais sur le secteur de la restauration. Willem Hiele travaille avec <strong>la famille Vanmoerkerke<\/strong> d&rsquo;Ostende qui, apr\u00e8s s&rsquo;\u00eatre retir\u00e9e du secteur du tourisme, est active dans l&rsquo;immobilier, l&rsquo;h\u00f4tellerie et la restauration et s&rsquo;occupe notamment du Thermae Palace.<\/p>\n\t\t\t\t\t\t\t\t<\/div>\n\t\t\t\t<\/div>\n\t\t\t\t<div class=\"elementor-element elementor-element-bd28839 elementor-widget elementor-widget-text-editor\" data-id=\"bd28839\" data-element_type=\"widget\" data-widget_type=\"text-editor.default\">\n\t\t\t\t<div class=\"elementor-widget-container\">\n\t\t\t\t\t\t\t\t\t<p>Les deux projets seront mis en \u0153uvre au printemps. Nous nous r\u00e9jouissons d\u00e9j\u00e0 du r\u00e9sultat !<\/p>\n\t\t\t\t\t\t\t\t<\/div>\n\t\t\t\t<\/div>\n\t\t\t\t\t<\/div>\n\t\t<\/div>\n\t\t\t\t\t<\/div>\n\t\t<\/section>\n\t\t\t\t<\/div>\n\t\t","protected":false},"excerpt":{"rendered":"<p>Lafosse Kitchen Technology &#8211; le tout premier exposant d&rsquo;Horeca Expo il y a plus de 30 ans &#8211; a r\u00e9cemment \u00e9t\u00e9 s\u00e9lectionn\u00e9 pour livrer la cuisine sur mesure du nouveau projet Blueness de Sergio Herman \u00e0 Anvers. En outre, l&rsquo;installateur de projets de cuisines professionnelles est \u00e9galement responsable de la nouvelle histoire de Willem Hiele [&hellip;]<\/p>\n","protected":false},"author":44,"featured_media":98135,"comment_status":"open","ping_status":"open","sticky":false,"template":"","format":"standard","meta":{"_seopress_robots_primary_cat":"none","_seopress_titles_title":"Lafosse d\u00e9marre l'ann\u00e9e 2022 avec deux grands projets de r\u00e9f\u00e9rence.","_seopress_titles_desc":"Lafosse, fid\u00e8le exposant \u00e0 Horeca Expo, est responsable des cuisines sur mesure dans les nouveaux projets de Sergio Herman et Willem Hiele.","_seopress_robots_index":"","footnotes":""},"categories":[2601],"tags":[],"edition":[],"class_list":["post-98146","post","type-post","status-publish","format-standard","has-post-thumbnail","hentry","category-actualites-des-exposants"],"_links":{"self":[{"href":"https:\/\/www.horecaexpo.be\/fr\/wp-json\/wp\/v2\/posts\/98146","targetHints":{"allow":["GET"]}}],"collection":[{"href":"https:\/\/www.horecaexpo.be\/fr\/wp-json\/wp\/v2\/posts"}],"about":[{"href":"https:\/\/www.horecaexpo.be\/fr\/wp-json\/wp\/v2\/types\/post"}],"author":[{"embeddable":true,"href":"https:\/\/www.horecaexpo.be\/fr\/wp-json\/wp\/v2\/users\/44"}],"replies":[{"embeddable":true,"href":"https:\/\/www.horecaexpo.be\/fr\/wp-json\/wp\/v2\/comments?post=98146"}],"version-history":[{"count":0,"href":"https:\/\/www.horecaexpo.be\/fr\/wp-json\/wp\/v2\/posts\/98146\/revisions"}],"wp:featuredmedia":[{"embeddable":true,"href":"https:\/\/www.horecaexpo.be\/fr\/wp-json\/wp\/v2\/media\/98135"}],"wp:attachment":[{"href":"https:\/\/www.horecaexpo.be\/fr\/wp-json\/wp\/v2\/media?parent=98146"}],"wp:term":[{"taxonomy":"category","embeddable":true,"href":"https:\/\/www.horecaexpo.be\/fr\/wp-json\/wp\/v2\/categories?post=98146"},{"taxonomy":"post_tag","embeddable":true,"href":"https:\/\/www.horecaexpo.be\/fr\/wp-json\/wp\/v2\/tags?post=98146"},{"taxonomy":"edition","embeddable":true,"href":"https:\/\/www.horecaexpo.be\/fr\/wp-json\/wp\/v2\/edition?post=98146"}],"curies":[{"name":"wp","href":"https:\/\/api.w.org\/{rel}","templated":true}]}}