{"id":81555,"date":"2021-09-13T13:39:16","date_gmt":"2021-09-13T11:39:16","guid":{"rendered":"https:\/\/www.horecaexpo.be\/jong-keukengeweld-au-menu\/"},"modified":"2021-09-13T14:20:20","modified_gmt":"2021-09-13T12:20:20","slug":"jong-keukengeweld-au-menu","status":"publish","type":"post","link":"https:\/\/www.horecaexpo.be\/fr\/jong-keukengeweld-au-menu\/","title":{"rendered":"Jong Keukengeweld au menu"},"content":{"rendered":"\t\t<div data-elementor-type=\"wp-post\" data-elementor-id=\"81555\" class=\"elementor elementor-81555 elementor-81529\" data-elementor-post-type=\"post\">\n\t\t\t\t\t\t<section class=\"elementor-section elementor-top-section elementor-element elementor-element-d84d018 elementor-section-boxed elementor-section-height-default elementor-section-height-default\" data-id=\"d84d018\" data-element_type=\"section\">\n\t\t\t\t\t\t<div class=\"elementor-container elementor-column-gap-default\">\n\t\t\t\t\t<div class=\"elementor-column elementor-col-100 elementor-top-column elementor-element elementor-element-c0ea427\" data-id=\"c0ea427\" data-element_type=\"column\">\n\t\t\t<div class=\"elementor-widget-wrap elementor-element-populated\">\n\t\t\t\t\t\t<div class=\"elementor-element elementor-element-49d3fa6 elementor-widget elementor-widget-heading\" data-id=\"49d3fa6\" data-element_type=\"widget\" data-widget_type=\"heading.default\">\n\t\t\t\t<div class=\"elementor-widget-container\">\n\t\t\t\t\t<h2 class=\"elementor-heading-title elementor-size-default\">les jeunes cuisinent pour les jeunes...<\/h2>\t\t\t\t<\/div>\n\t\t\t\t<\/div>\n\t\t\t\t<div class=\"elementor-element elementor-element-bbd34b4 elementor-widget elementor-widget-text-editor\" data-id=\"bbd34b4\" data-element_type=\"widget\" data-widget_type=\"text-editor.default\">\n\t\t\t\t<div class=\"elementor-widget-container\">\n\t\t\t\t\t\t\t\t\t<p>c&rsquo;est Jong Keukengeweld, une initiative de<strong> Tourisme Vlaanderen <\/strong>et <strong>Horeca Vlaanderen<\/strong>.<\/p>\n<p>L&rsquo;\u00e9dition pr\u00e9c\u00e9dente avait \u00e9t\u00e9 annul\u00e9e en raison de la crise du corona, mais les chefs de Jong Keukengeweld sont \u00e0 nouveau pr\u00eats \u00e0 remplir leurs tables de jeunes gourmets enthousiastes.<br \/>\n<strong>27 grands chefs flamands<\/strong>, \u00e2g\u00e9s de moins de 35 ans, partagent leur savoir-faire culinaire et leur amour imp\u00e9tueux pour la gastronomie flamande et les produits locaux &#8230; avec des jeunes de 18 \u00e0 30 ans.<\/p>\n\t\t\t\t\t\t\t\t<\/div>\n\t\t\t\t<\/div>\n\t\t\t\t<div class=\"elementor-element elementor-element-b2a6ed4 elementor-widget elementor-widget-heading\" data-id=\"b2a6ed4\" data-element_type=\"widget\" data-widget_type=\"heading.default\">\n\t\t\t\t<div class=\"elementor-widget-container\">\n\t\t\t\t\t<h2 class=\"elementor-heading-title elementor-size-default\">Quand | Qui | O\u00f9 ?<\/h2>\t\t\t\t<\/div>\n\t\t\t\t<\/div>\n\t\t\t\t<div class=\"elementor-element elementor-element-6924857 elementor-widget elementor-widget-text-editor\" data-id=\"6924857\" data-element_type=\"widget\" data-widget_type=\"text-editor.default\">\n\t\t\t\t<div class=\"elementor-widget-container\">\n\t\t\t\t\t\t\t\t\t<p>Du <strong>1er octobre au 7 novembre<\/strong>, toute la Flandre sera consacr\u00e9e \u00e0 la bonne ch\u00e8re ! De la Flandre occidentale au Limbourg, vous pouvez partir \u00e0 la d\u00e9couverte de tous les hauts lieux de la gastronomie. Jong Keukengeweld saisit ce moment pour ouvrir ses portes aux jeunes en leur offrant une exp\u00e9rience culinaire \u00e0 un tarif avantageux.<\/p>\n<p>Pour <strong>59 euros<\/strong>, les jeunes jusqu&rsquo;\u00e0 30 ans peuvent d\u00e9guster <strong>un menu \u00e0 trois plats<\/strong> accompagn\u00e9 de boissons sp\u00e9ciales pr\u00e9par\u00e9es par certains des plus grands talents culinaires de Flandre. Sp\u00e9cialement pour le Flanders Food Festival, certains de ces chefs iront encore plus loin, par exemple en dressant le dessert \u00e0 table, en se concentrant encore plus sur les produits locaux ou en servant des cocktails personnalis\u00e9s.<\/p>\n<p>Les jeunes qui sont impatients de r\u00e9server doivent mettre le <strong>vendredi 17 septembre 2021, 8 heures<\/strong>, dans leur agenda. D\u00e8s lors, ils peuvent r\u00e9server l&rsquo;un des si\u00e8ges les plus convoit\u00e9s via Formitable. Et si vous voulez \u00eatre s\u00fbr d&rsquo;avoir une table, faites vite votre r\u00e9servation car tout se vend tr\u00e8s vite chaque ann\u00e9e !<\/p>\n<p>D\u00e9couvrez maintenant les chefs que vous pouvez rejoindre \u00e0 la table :<\/p>\n<p><strong><a href=\"https:\/\/www.visitflanders.com\/nl\/jong-keukengeweld\/rebels.jsp\" target=\"_blank\" rel=\"noopener\">https:\/\/www.visitflanders.com\/nl\/jong-keukengeweld\/rebels.jsp<\/a><\/strong><\/p>\n\t\t\t\t\t\t\t\t<\/div>\n\t\t\t\t<\/div>\n\t\t\t\t\t<\/div>\n\t\t<\/div>\n\t\t\t\t\t<\/div>\n\t\t<\/section>\n\t\t\t\t<section class=\"elementor-section elementor-top-section elementor-element elementor-element-724fb10 elementor-section-boxed elementor-section-height-default elementor-section-height-default\" data-id=\"724fb10\" data-element_type=\"section\">\n\t\t\t\t\t\t<div class=\"elementor-container elementor-column-gap-default\">\n\t\t\t\t\t<div class=\"elementor-column elementor-col-100 elementor-top-column elementor-element elementor-element-663efab\" data-id=\"663efab\" data-element_type=\"column\">\n\t\t\t<div class=\"elementor-widget-wrap\">\n\t\t\t\t\t\t\t<\/div>\n\t\t<\/div>\n\t\t\t\t\t<\/div>\n\t\t<\/section>\n\t\t\t\t<\/div>\n\t\t","protected":false},"excerpt":{"rendered":"<p>les jeunes cuisinent pour les jeunes&#8230; c&rsquo;est Jong Keukengeweld, une initiative de Tourisme Vlaanderen et Horeca Vlaanderen. L&rsquo;\u00e9dition pr\u00e9c\u00e9dente avait \u00e9t\u00e9 annul\u00e9e en raison de la crise du corona, mais les chefs de Jong Keukengeweld sont \u00e0 nouveau pr\u00eats \u00e0 remplir leurs tables de jeunes gourmets enthousiastes. 27 grands chefs flamands, \u00e2g\u00e9s de moins de [&hellip;]<\/p>\n","protected":false},"author":44,"featured_media":81532,"comment_status":"open","ping_status":"open","sticky":false,"template":"","format":"standard","meta":{"_seopress_robots_primary_cat":"none","_seopress_titles_title":"Les chefs de Jong Keukengeweld ouvrent \u00e0 nouveau leurs portes aux jeunes","_seopress_titles_desc":"Pour 59 euros, les jeunes jusqu'\u00e0 30 ans peuvent d\u00e9guster un menu \u00e0 trois plats \u00e9labor\u00e9 par certains des plus grands talents culinaires de Flandre.","_seopress_robots_index":"","footnotes":""},"categories":[2593],"tags":[],"edition":[],"class_list":["post-81555","post","type-post","status-publish","format-standard","has-post-thumbnail","hentry","category-partner-flash-fr"],"_links":{"self":[{"href":"https:\/\/www.horecaexpo.be\/fr\/wp-json\/wp\/v2\/posts\/81555","targetHints":{"allow":["GET"]}}],"collection":[{"href":"https:\/\/www.horecaexpo.be\/fr\/wp-json\/wp\/v2\/posts"}],"about":[{"href":"https:\/\/www.horecaexpo.be\/fr\/wp-json\/wp\/v2\/types\/post"}],"author":[{"embeddable":true,"href":"https:\/\/www.horecaexpo.be\/fr\/wp-json\/wp\/v2\/users\/44"}],"replies":[{"embeddable":true,"href":"https:\/\/www.horecaexpo.be\/fr\/wp-json\/wp\/v2\/comments?post=81555"}],"version-history":[{"count":0,"href":"https:\/\/www.horecaexpo.be\/fr\/wp-json\/wp\/v2\/posts\/81555\/revisions"}],"wp:featuredmedia":[{"embeddable":true,"href":"https:\/\/www.horecaexpo.be\/fr\/wp-json\/wp\/v2\/media\/81532"}],"wp:attachment":[{"href":"https:\/\/www.horecaexpo.be\/fr\/wp-json\/wp\/v2\/media?parent=81555"}],"wp:term":[{"taxonomy":"category","embeddable":true,"href":"https:\/\/www.horecaexpo.be\/fr\/wp-json\/wp\/v2\/categories?post=81555"},{"taxonomy":"post_tag","embeddable":true,"href":"https:\/\/www.horecaexpo.be\/fr\/wp-json\/wp\/v2\/tags?post=81555"},{"taxonomy":"edition","embeddable":true,"href":"https:\/\/www.horecaexpo.be\/fr\/wp-json\/wp\/v2\/edition?post=81555"}],"curies":[{"name":"wp","href":"https:\/\/api.w.org\/{rel}","templated":true}]}}