{"id":80665,"date":"2021-08-20T11:13:15","date_gmt":"2021-08-20T09:13:15","guid":{"rendered":"https:\/\/www.horecaexpo.be\/participez-au-flanders-food-festival\/"},"modified":"2021-08-20T11:42:41","modified_gmt":"2021-08-20T09:42:41","slug":"participez-au-flanders-food-festival","status":"publish","type":"post","link":"https:\/\/www.horecaexpo.be\/fr\/participez-au-flanders-food-festival\/","title":{"rendered":"Participez au Flanders Food Festival"},"content":{"rendered":"\t\t<div data-elementor-type=\"wp-post\" data-elementor-id=\"80665\" class=\"elementor elementor-80665 elementor-80658\" data-elementor-post-type=\"post\">\n\t\t\t\t\t\t<section class=\"elementor-section elementor-top-section elementor-element elementor-element-6d62e9e elementor-section-boxed elementor-section-height-default elementor-section-height-default\" data-id=\"6d62e9e\" data-element_type=\"section\">\n\t\t\t\t\t\t<div class=\"elementor-container elementor-column-gap-default\">\n\t\t\t\t\t<div class=\"elementor-column elementor-col-100 elementor-top-column elementor-element elementor-element-554c93b\" data-id=\"554c93b\" data-element_type=\"column\">\n\t\t\t<div class=\"elementor-widget-wrap elementor-element-populated\">\n\t\t\t\t\t\t<div class=\"elementor-element elementor-element-ed22c1a elementor-widget elementor-widget-heading\" data-id=\"ed22c1a\" data-element_type=\"widget\" data-widget_type=\"heading.default\">\n\t\t\t\t<div class=\"elementor-widget-container\">\n\t\t\t\t\t<h2 class=\"elementor-heading-title elementor-size-default\">Il est temps de riposter !<\/h2>\t\t\t\t<\/div>\n\t\t\t\t<\/div>\n\t\t\t\t<div class=\"elementor-element elementor-element-bdde7c0 elementor-widget elementor-widget-text-editor\" data-id=\"bdde7c0\" data-element_type=\"widget\" data-widget_type=\"text-editor.default\">\n\t\t\t\t<div class=\"elementor-widget-container\">\n\t\t\t\t\t\t\t\t\t<p>La Flandre culinaire s&rsquo;en r\u00e9jouit ! Covid-19 a laiss\u00e9 tout le monde sur sa faim, au sens propre comme au sens figur\u00e9. Avec le Flanders Food Festival, <strong>Toerisme Vlaanderen<\/strong>, en collaboration avec <strong>Horeca Vlaanderen<\/strong> et <strong>VVSG<\/strong>, remet le secteur culinaire sur la carte.<\/p>\n<p>Du 1er octobre au 7 novembre 2021, ils ne c\u00e9l\u00e9breront pas seulement le renouveau du secteur de la restauration. Ils mettront \u00e9galement en avant la c\u00e9l\u00e8bre hospitalit\u00e9 flamande, la gastronomie locale et nos fantastiques et savoureux produits flamands.<br \/>\nLes <strong>restaurants<\/strong>, les <strong>producteurs<\/strong>, les <strong>villes et les municipalit\u00e9s<\/strong> b\u00e9n\u00e9ficient tous d&rsquo;un forum unique pour montrer leur meilleur c\u00f4t\u00e9.<\/p>\n\t\t\t\t\t\t\t\t<\/div>\n\t\t\t\t<\/div>\n\t\t\t\t\t<\/div>\n\t\t<\/div>\n\t\t\t\t\t<\/div>\n\t\t<\/section>\n\t\t\t\t<section class=\"elementor-section elementor-top-section elementor-element elementor-element-6b5b1e8 elementor-section-boxed elementor-section-height-default elementor-section-height-default\" data-id=\"6b5b1e8\" data-element_type=\"section\">\n\t\t\t\t\t\t<div class=\"elementor-container elementor-column-gap-default\">\n\t\t\t\t\t<div class=\"elementor-column elementor-col-100 elementor-top-column elementor-element elementor-element-316e199\" data-id=\"316e199\" data-element_type=\"column\">\n\t\t\t<div class=\"elementor-widget-wrap elementor-element-populated\">\n\t\t\t\t\t\t<div class=\"elementor-element elementor-element-41f6643 elementor-widget elementor-widget-heading\" data-id=\"41f6643\" data-element_type=\"widget\" data-widget_type=\"heading.default\">\n\t\t\t\t<div class=\"elementor-widget-container\">\n\t\t\t\t\t<h2 class=\"elementor-heading-title elementor-size-default\">Mettez votre entreprise sous les feux de la rampe<\/h2>\t\t\t\t<\/div>\n\t\t\t\t<\/div>\n\t\t\t\t<div class=\"elementor-element elementor-element-b1b3718 elementor-widget elementor-widget-text-editor\" data-id=\"b1b3718\" data-element_type=\"widget\" data-widget_type=\"text-editor.default\">\n\t\t\t\t<div class=\"elementor-widget-container\">\n\t\t\t\t\t\t\t\t\t<p>Organisez un <strong>concept unique<\/strong> ou une <strong>exp\u00e9rience cr\u00e9ative<\/strong> et le Flanders Food Festival s&rsquo;occupe du reste : une campagne de promotion via de nombreux grands m\u00e9dias et une place sur la plateforme en ligne o\u00f9 toutes les initiatives sont rassembl\u00e9es.<\/p>\n<p>Un jury de grands chefs s\u00e9lectionne quelques initiatives dans son <strong>\u00ab\u00a0choix du chef\u00a0\u00bb<\/strong>. Des journalistes culinaires de Njam, De Morgen et Het Laatste Nieuws visiteront les initiatives les plus marquantes, les mettront en valeur et feront la promotion de votre entreprise.<\/p>\n<p>En outre, d\u00e9but octobre, un suppl\u00e9ment culinaire para\u00eetra dans De Morgen avec, outre une liste exclusive des 50 restaurants les plus durables, une attention suppl\u00e9mentaire pour chaque initiative.<\/p>\n<p>Chaque exp\u00e9rience culinaire sera ensuite publi\u00e9e sur <a href=\"http:\/\/flandersfoodfestival.be\" target=\"_blank\" rel=\"noopener\">flandersfoodfestival.be<\/a>, qui sera promu aupr\u00e8s du grand public pendant toute la p\u00e9riode gr\u00e2ce \u00e0 une vaste campagne sur les m\u00e9dias sociaux et aux nombreux articles de presse. De cette fa\u00e7on, vous \u00eates assur\u00e9 d&rsquo;une grande visibilit\u00e9 pour votre participation et vos efforts.<\/p>\n<p>Pourquoi attendre ? <strong>Inscrivez-vous avant le 27 ao\u00fbt \u00e0 <a href=\"https:\/\/bit.ly\/3y7OAhz\" target=\"_blank\" rel=\"noopener\">https:\/\/bit.ly\/3y7OAhz<\/a>.<\/strong><\/p>\n\t\t\t\t\t\t\t\t<\/div>\n\t\t\t\t<\/div>\n\t\t\t\t\t<\/div>\n\t\t<\/div>\n\t\t\t\t\t<\/div>\n\t\t<\/section>\n\t\t\t\t<section class=\"elementor-section elementor-top-section elementor-element elementor-element-bc3bf6f elementor-section-boxed elementor-section-height-default elementor-section-height-default\" data-id=\"bc3bf6f\" data-element_type=\"section\">\n\t\t\t\t\t\t<div class=\"elementor-container elementor-column-gap-default\">\n\t\t\t\t\t<div class=\"elementor-column elementor-col-100 elementor-top-column elementor-element elementor-element-7ec3a76\" data-id=\"7ec3a76\" data-element_type=\"column\">\n\t\t\t<div class=\"elementor-widget-wrap elementor-element-populated\">\n\t\t\t\t\t\t<div class=\"elementor-element elementor-element-7b11cd7 elementor-widget elementor-widget-heading\" data-id=\"7b11cd7\" data-element_type=\"widget\" data-widget_type=\"heading.default\">\n\t\t\t\t<div class=\"elementor-widget-container\">\n\t\t\t\t\t<h2 class=\"elementor-heading-title elementor-size-default\">Pas de grands restaurants sans grands produits<\/h2>\t\t\t\t<\/div>\n\t\t\t\t<\/div>\n\t\t\t\t<div class=\"elementor-element elementor-element-0f867e1 elementor-widget elementor-widget-text-editor\" data-id=\"0f867e1\" data-element_type=\"widget\" data-widget_type=\"text-editor.default\">\n\t\t\t\t<div class=\"elementor-widget-container\">\n\t\t\t\t\t\t\t\t\t<p>Le Flanders Food Festival met \u00e9galement l&rsquo;accent sur nos fantastiques producteurs et innovations alimentaires.<br \/>\nApr\u00e8s tout, la Flandre est riche en entreprises et en producteurs qui sont capables de cr\u00e9er des produits de qualit\u00e9 sup\u00e9rieure avec passion et expertise.<\/p>\n<p>Vlaanderen, VLAM, Vlaio et Fevia Vlaanderen pr\u00e9sentent donc : <strong>OPEN PRODUCENTEN DAG 2021 le samedi 23 et le dimanche 24 octobre.<\/strong><\/p>\n<p>Vous pouvez participer via <a href=\"https:\/\/bit.ly\/3miG1yv\" target=\"_blank\" rel=\"noopener\">https:\/\/bit.ly\/3miG1yv<\/a>.<\/p>\n\t\t\t\t\t\t\t\t<\/div>\n\t\t\t\t<\/div>\n\t\t\t\t\t<\/div>\n\t\t<\/div>\n\t\t\t\t\t<\/div>\n\t\t<\/section>\n\t\t\t\t<\/div>\n\t\t","protected":false},"excerpt":{"rendered":"<p>Il est temps de riposter ! La Flandre culinaire s&rsquo;en r\u00e9jouit ! Covid-19 a laiss\u00e9 tout le monde sur sa faim, au sens propre comme au sens figur\u00e9. Avec le Flanders Food Festival, Toerisme Vlaanderen, en collaboration avec Horeca Vlaanderen et VVSG, remet le secteur culinaire sur la carte. Du 1er octobre au 7 novembre [&hellip;]<\/p>\n","protected":false},"author":44,"featured_media":80657,"comment_status":"open","ping_status":"open","sticky":false,"template":"","format":"standard","meta":{"_seopress_robots_primary_cat":"none","_seopress_titles_title":"Votre entreprise sous les feux de la rampe au Flanders Food Festival.","_seopress_titles_desc":"Avec le Flanders Food Festival, Toerisme Vlaanderen, en collaboration avec Horeca Vlaanderen et VVSG, remet le secteur culinaire sur la carte. ","_seopress_robots_index":"","footnotes":""},"categories":[2593],"tags":[],"edition":[],"class_list":["post-80665","post","type-post","status-publish","format-standard","has-post-thumbnail","hentry","category-partner-flash-fr"],"_links":{"self":[{"href":"https:\/\/www.horecaexpo.be\/fr\/wp-json\/wp\/v2\/posts\/80665","targetHints":{"allow":["GET"]}}],"collection":[{"href":"https:\/\/www.horecaexpo.be\/fr\/wp-json\/wp\/v2\/posts"}],"about":[{"href":"https:\/\/www.horecaexpo.be\/fr\/wp-json\/wp\/v2\/types\/post"}],"author":[{"embeddable":true,"href":"https:\/\/www.horecaexpo.be\/fr\/wp-json\/wp\/v2\/users\/44"}],"replies":[{"embeddable":true,"href":"https:\/\/www.horecaexpo.be\/fr\/wp-json\/wp\/v2\/comments?post=80665"}],"version-history":[{"count":0,"href":"https:\/\/www.horecaexpo.be\/fr\/wp-json\/wp\/v2\/posts\/80665\/revisions"}],"wp:featuredmedia":[{"embeddable":true,"href":"https:\/\/www.horecaexpo.be\/fr\/wp-json\/wp\/v2\/media\/80657"}],"wp:attachment":[{"href":"https:\/\/www.horecaexpo.be\/fr\/wp-json\/wp\/v2\/media?parent=80665"}],"wp:term":[{"taxonomy":"category","embeddable":true,"href":"https:\/\/www.horecaexpo.be\/fr\/wp-json\/wp\/v2\/categories?post=80665"},{"taxonomy":"post_tag","embeddable":true,"href":"https:\/\/www.horecaexpo.be\/fr\/wp-json\/wp\/v2\/tags?post=80665"},{"taxonomy":"edition","embeddable":true,"href":"https:\/\/www.horecaexpo.be\/fr\/wp-json\/wp\/v2\/edition?post=80665"}],"curies":[{"name":"wp","href":"https:\/\/api.w.org\/{rel}","templated":true}]}}