{"id":77231,"date":"2021-06-30T10:11:16","date_gmt":"2021-06-30T08:11:16","guid":{"rendered":"https:\/\/www.horecaexpo.be\/les-meilleurs-vins-belges-de-2020-mis-en-avant\/"},"modified":"2021-06-30T10:25:31","modified_gmt":"2021-06-30T08:25:31","slug":"les-meilleurs-vins-belges-de-2020-mis-en-avant","status":"publish","type":"post","link":"https:\/\/www.horecaexpo.be\/fr\/les-meilleurs-vins-belges-de-2020-mis-en-avant\/","title":{"rendered":"Les meilleurs vins belges de 2020 mis en avant"},"content":{"rendered":"\t\t<div data-elementor-type=\"wp-post\" data-elementor-id=\"77231\" class=\"elementor elementor-77231 elementor-77209\" data-elementor-post-type=\"post\">\n\t\t\t\t\t\t<section class=\"elementor-section elementor-top-section elementor-element elementor-element-e739d85 elementor-section-boxed elementor-section-height-default elementor-section-height-default\" data-id=\"e739d85\" data-element_type=\"section\">\n\t\t\t\t\t\t<div class=\"elementor-container elementor-column-gap-default\">\n\t\t\t\t\t<div class=\"elementor-column elementor-col-100 elementor-top-column elementor-element elementor-element-6d2976f\" data-id=\"6d2976f\" data-element_type=\"column\">\n\t\t\t<div class=\"elementor-widget-wrap elementor-element-populated\">\n\t\t\t\t\t\t<div class=\"elementor-element elementor-element-f11a72f elementor-widget elementor-widget-text-editor\" data-id=\"f11a72f\" data-element_type=\"widget\" data-widget_type=\"text-editor.default\">\n\t\t\t\t<div class=\"elementor-widget-container\">\n\t\t\t\t\t\t\t\t\t<p>C&rsquo;est en d\u00e9cembre 2005 qu&rsquo;a eu lieu la toute premi\u00e8re d\u00e9gustation du meilleur vin belge.<\/p>\n<p>Entre-temps, le concours est organis\u00e9 depuis plus de 16 ans par le \u00ab\u00a0<strong>Vereniging van Vlaamse Sommeliers<\/strong>\u00a0\u00bb (VVS) en collaboration avec les associations \u00ab\u00a0<strong>Belgische Wijnbouwers<\/strong>\u00a0\u00bb et \u00ab\u00a0<strong>Vignerons de Wallonie<\/strong>\u00ab\u00a0.<\/p>\n\t\t\t\t\t\t\t\t<\/div>\n\t\t\t\t<\/div>\n\t\t\t\t\t<\/div>\n\t\t<\/div>\n\t\t\t\t\t<\/div>\n\t\t<\/section>\n\t\t\t\t<section class=\"elementor-section elementor-top-section elementor-element elementor-element-8ac0b8c elementor-section-boxed elementor-section-height-default elementor-section-height-default\" data-id=\"8ac0b8c\" data-element_type=\"section\">\n\t\t\t\t\t\t<div class=\"elementor-container elementor-column-gap-default\">\n\t\t\t\t\t<div class=\"elementor-column elementor-col-100 elementor-top-column elementor-element elementor-element-a0c4ca6\" data-id=\"a0c4ca6\" data-element_type=\"column\">\n\t\t\t<div class=\"elementor-widget-wrap elementor-element-populated\">\n\t\t\t\t\t\t<div class=\"elementor-element elementor-element-d66e99f elementor-widget elementor-widget-heading\" data-id=\"d66e99f\" data-element_type=\"widget\" data-widget_type=\"heading.default\">\n\t\t\t\t<div class=\"elementor-widget-container\">\n\t\t\t\t\t<h2 class=\"elementor-heading-title elementor-size-default\">Une \u00e9dition sp\u00e9ciale<\/h2>\t\t\t\t<\/div>\n\t\t\t\t<\/div>\n\t\t\t\t<div class=\"elementor-element elementor-element-5568664 elementor-widget elementor-widget-text-editor\" data-id=\"5568664\" data-element_type=\"widget\" data-widget_type=\"text-editor.default\">\n\t\t\t\t<div class=\"elementor-widget-container\">\n\t\t\t\t\t\t\t\t\t<p>Et la derni\u00e8re \u00e9dition \u00e9tait sans aucun doute diff\u00e9rente de toutes les pr\u00e9c\u00e9dentes.<\/p>\n<p>En <strong>septembre 2020<\/strong>, le concours s&rsquo;est d\u00e9roul\u00e9 sous de strictes mesures de s\u00e9curit\u00e9 et <strong><a href=\"https:\/\/meilleurvinbelge.be\/resultats\/\" target=\"_blank\" rel=\"noopener\">les gagnants<\/a><\/strong> ont \u00e9t\u00e9 annonc\u00e9s.<\/p>\n<p>La traditionnelle remise des dipl\u00f4mes a malheureusement d\u00fb \u00eatre report\u00e9e \u00e0 plusieurs reprises, mais dimanche dernier, elle a enfin eu lieu. La c\u00e9r\u00e9monie a eu lieu \u00e0 Gand en pr\u00e9sence d&rsquo;une quarantaine d&rsquo;invit\u00e9s.<\/p>\n<p><strong>Lodewijk Waes<\/strong> &#8211; pr\u00e9sident des Belgische Wijnbouwers &#8211; est revenu sur une ann\u00e9e difficile, mais a soulign\u00e9 l&rsquo;int\u00e9r\u00eat croissant pour la viticulture belge, tant en termes de nombre de vignobles que de qualit\u00e9.<\/p>\n<p><strong>Brigitte Tack<\/strong>, repr\u00e9sentant l&rsquo;Association des Vignerons de Wallonie et son pr\u00e9sident Pierre Rion, a soulign\u00e9 l&rsquo;importance de la coop\u00e9ration entre les deux associations.<\/p>\n\t\t\t\t\t\t\t\t<\/div>\n\t\t\t\t<\/div>\n\t\t\t\t\t<\/div>\n\t\t<\/div>\n\t\t\t\t\t<\/div>\n\t\t<\/section>\n\t\t\t\t<section class=\"elementor-section elementor-top-section elementor-element elementor-element-c346624 elementor-section-boxed elementor-section-height-default elementor-section-height-default\" data-id=\"c346624\" data-element_type=\"section\">\n\t\t\t\t\t\t<div class=\"elementor-container elementor-column-gap-default\">\n\t\t\t\t\t<div class=\"elementor-column elementor-col-100 elementor-top-column elementor-element elementor-element-e031d0f\" data-id=\"e031d0f\" data-element_type=\"column\">\n\t\t\t<div class=\"elementor-widget-wrap elementor-element-populated\">\n\t\t\t\t\t\t<div class=\"elementor-element elementor-element-4285b0c elementor-widget elementor-widget-heading\" data-id=\"4285b0c\" data-element_type=\"widget\" data-widget_type=\"heading.default\">\n\t\t\t\t<div class=\"elementor-widget-container\">\n\t\t\t\t\t<h2 class=\"elementor-heading-title elementor-size-default\">Et le gagnant est...<\/h2>\t\t\t\t<\/div>\n\t\t\t\t<\/div>\n\t\t\t\t<div class=\"elementor-element elementor-element-3b63eb3 elementor-widget elementor-widget-text-editor\" data-id=\"3b63eb3\" data-element_type=\"widget\" data-widget_type=\"text-editor.default\">\n\t\t\t\t<div class=\"elementor-widget-container\">\n\t\t\t\t\t\t\t\t\t<p>Pour conclure la c\u00e9r\u00e9monie, <strong>Gido Van Imschoot<\/strong> &#8211; pr\u00e9sident du VVS &#8211; a proclam\u00e9 le meilleur des meilleurs vins. Cet honneur est revenu \u00e0 <strong>Wijndomein Vandersteene<\/strong> qui, lors de sa premi\u00e8re participation au concours, a imm\u00e9diatement remport\u00e9 3 m\u00e9dailles d&rsquo;or.<\/p>\n<p>Ce vignoble de 1,6 ha a \u00e9t\u00e9 cr\u00e9\u00e9 en 2017 et est situ\u00e9 \u00e0 Zwijnaarde. Leur production de vins mousseux compl\u00e8te la production de fleurs et de plantes, une sp\u00e9cialit\u00e9 familiale depuis 6 g\u00e9n\u00e9rations.<\/p>\n<p>Les d\u00e9gustations des <strong>meilleurs vins belges 2021<\/strong> seront organis\u00e9es en <strong>septembre<\/strong>.<\/p>\n\t\t\t\t\t\t\t\t<\/div>\n\t\t\t\t<\/div>\n\t\t\t\t\t<\/div>\n\t\t<\/div>\n\t\t\t\t\t<\/div>\n\t\t<\/section>\n\t\t\t\t<\/div>\n\t\t","protected":false},"excerpt":{"rendered":"<p>C&rsquo;est en d\u00e9cembre 2005 qu&rsquo;a eu lieu la toute premi\u00e8re d\u00e9gustation du meilleur vin belge. Entre-temps, le concours est organis\u00e9 depuis plus de 16 ans par le \u00ab\u00a0Vereniging van Vlaamse Sommeliers\u00a0\u00bb (VVS) en collaboration avec les associations \u00ab\u00a0Belgische Wijnbouwers\u00a0\u00bb et \u00ab\u00a0Vignerons de Wallonie\u00ab\u00a0. Une \u00e9dition sp\u00e9ciale Et la derni\u00e8re \u00e9dition \u00e9tait sans aucun doute diff\u00e9rente [&hellip;]<\/p>\n","protected":false},"author":44,"featured_media":77208,"comment_status":"open","ping_status":"open","sticky":false,"template":"","format":"standard","meta":{"_seopress_robots_primary_cat":"none","_seopress_titles_title":"Remise des dipl\u00f4mes pour les meilleurs vins belges de 2020","_seopress_titles_desc":"Le 27 juin, la c\u00e9r\u00e9monie de remise des prix pour les meilleurs vins belges 2020 a \u00e9t\u00e9 organis\u00e9e. Le grand gagnant est Wijndomein Vandersteene.","_seopress_robots_index":"","footnotes":""},"categories":[2598],"tags":[],"edition":[],"class_list":["post-77231","post","type-post","status-publish","format-standard","has-post-thumbnail","hentry","category-concours-et-prix"],"_links":{"self":[{"href":"https:\/\/www.horecaexpo.be\/fr\/wp-json\/wp\/v2\/posts\/77231","targetHints":{"allow":["GET"]}}],"collection":[{"href":"https:\/\/www.horecaexpo.be\/fr\/wp-json\/wp\/v2\/posts"}],"about":[{"href":"https:\/\/www.horecaexpo.be\/fr\/wp-json\/wp\/v2\/types\/post"}],"author":[{"embeddable":true,"href":"https:\/\/www.horecaexpo.be\/fr\/wp-json\/wp\/v2\/users\/44"}],"replies":[{"embeddable":true,"href":"https:\/\/www.horecaexpo.be\/fr\/wp-json\/wp\/v2\/comments?post=77231"}],"version-history":[{"count":0,"href":"https:\/\/www.horecaexpo.be\/fr\/wp-json\/wp\/v2\/posts\/77231\/revisions"}],"wp:featuredmedia":[{"embeddable":true,"href":"https:\/\/www.horecaexpo.be\/fr\/wp-json\/wp\/v2\/media\/77208"}],"wp:attachment":[{"href":"https:\/\/www.horecaexpo.be\/fr\/wp-json\/wp\/v2\/media?parent=77231"}],"wp:term":[{"taxonomy":"category","embeddable":true,"href":"https:\/\/www.horecaexpo.be\/fr\/wp-json\/wp\/v2\/categories?post=77231"},{"taxonomy":"post_tag","embeddable":true,"href":"https:\/\/www.horecaexpo.be\/fr\/wp-json\/wp\/v2\/tags?post=77231"},{"taxonomy":"edition","embeddable":true,"href":"https:\/\/www.horecaexpo.be\/fr\/wp-json\/wp\/v2\/edition?post=77231"}],"curies":[{"name":"wp","href":"https:\/\/api.w.org\/{rel}","templated":true}]}}