{"id":76136,"date":"2021-05-28T10:53:04","date_gmt":"2021-05-28T08:53:04","guid":{"rendered":"https:\/\/www.horecaexpo.be\/faites-connaissance-avec-lacademie-were-smart\/"},"modified":"2021-05-28T13:00:22","modified_gmt":"2021-05-28T11:00:22","slug":"faites-connaissance-avec-lacademie-were-smart","status":"publish","type":"post","link":"https:\/\/www.horecaexpo.be\/fr\/faites-connaissance-avec-lacademie-were-smart\/","title":{"rendered":"Faites connaissance avec l&rsquo;acad\u00e9mie We&rsquo;re Smart\u00ae."},"content":{"rendered":"\t\t<div data-elementor-type=\"wp-post\" data-elementor-id=\"76136\" class=\"elementor elementor-76136 elementor-76097\" data-elementor-post-type=\"post\">\n\t\t\t\t\t\t<section class=\"elementor-section elementor-top-section elementor-element elementor-element-d9adf2b elementor-section-boxed elementor-section-height-default elementor-section-height-default\" data-id=\"d9adf2b\" data-element_type=\"section\">\n\t\t\t\t\t\t<div class=\"elementor-container elementor-column-gap-default\">\n\t\t\t\t\t<div class=\"elementor-column elementor-col-100 elementor-top-column elementor-element elementor-element-73f898d\" data-id=\"73f898d\" data-element_type=\"column\">\n\t\t\t<div class=\"elementor-widget-wrap elementor-element-populated\">\n\t\t\t\t\t\t<div class=\"elementor-element elementor-element-7b3497a elementor-widget elementor-widget-heading\" data-id=\"7b3497a\" data-element_type=\"widget\" data-widget_type=\"heading.default\">\n\t\t\t\t<div class=\"elementor-widget-container\">\n\t\t\t\t\t<h2 class=\"elementor-heading-title elementor-size-default\">Une philosophie \u00e0 la base...<\/h2>\t\t\t\t<\/div>\n\t\t\t\t<\/div>\n\t\t\t\t<div class=\"elementor-element elementor-element-fa8fcca elementor-widget elementor-widget-text-editor\" data-id=\"fa8fcca\" data-element_type=\"widget\" data-widget_type=\"text-editor.default\">\n\t\t\t\t<div class=\"elementor-widget-container\">\n\t\t\t\t\t\t\t\t\t<p>Tout commence par la campagne \u00ab\u00a0<strong>Think Vegetables ! Pensez fruit<\/strong>\u00ab\u00a0, la philosophie de l&rsquo;inspirateur <strong>Frank Fol<\/strong>, The Vegetables Chef\u00ae.<br \/>\nWe&rsquo;re Smart\u00ae World veut rassembler les personnes et les entreprises (We&rsquo;re) qui travaillent de mani\u00e8re<strong> saine, \u00e9cologique et durable<\/strong>, dans le secteur alimentaire et au-del\u00e0. L&rsquo;objectif est d&rsquo;apprendre les uns des autres et de se renforcer mutuellement dans le seul but de faire \u00e9voluer notre soci\u00e9t\u00e9 vers des solutions plus intelligentes (Smart) pour notre corps, la nature et le monde (World).<\/p>\n\t\t\t\t\t\t\t\t<\/div>\n\t\t\t\t<\/div>\n\t\t\t\t<div class=\"elementor-element elementor-element-482fcf6 elementor-widget elementor-widget-heading\" data-id=\"482fcf6\" data-element_type=\"widget\" data-widget_type=\"heading.default\">\n\t\t\t\t<div class=\"elementor-widget-container\">\n\t\t\t\t\t<h2 class=\"elementor-heading-title elementor-size-default\">We\u2019re Smart\u00ae Talks<\/h2>\t\t\t\t<\/div>\n\t\t\t\t<\/div>\n\t\t\t\t<div class=\"elementor-element elementor-element-1cdbb24 elementor-widget elementor-widget-text-editor\" data-id=\"1cdbb24\" data-element_type=\"widget\" data-widget_type=\"text-editor.default\">\n\t\t\t\t<div class=\"elementor-widget-container\">\n\t\t\t\t\t\t\t\t\t<p>Chaque mois, ils organisent un ou plusieurs webinaires dans le cadre de la We&rsquo;re Smart\u00ae Academy. Outre les <strong>histoires inspirantes, les d\u00e9monstrations de leurs 5 Chefs Radis<\/strong>, ils mettent \u00e0 disposition sur cette cha\u00eene des informations et des connaissances sur <strong>la cuisine v\u00e9g\u00e9tale<\/strong> (recettes, techniques, connaissance des produits&#8230;), <strong>l&rsquo;\u00e9cologie et la durabilit\u00e9<\/strong> en cuisine\/restaurant (gaspillage alimentaire, \u00e9conomie circulaire, leadership&#8230;).<\/p>\n\t\t\t\t\t\t\t\t<\/div>\n\t\t\t\t<\/div>\n\t\t\t\t\t<\/div>\n\t\t<\/div>\n\t\t\t\t\t<\/div>\n\t\t<\/section>\n\t\t\t\t<section class=\"elementor-section elementor-top-section elementor-element elementor-element-6117fb8 elementor-section-boxed elementor-section-height-default elementor-section-height-default\" data-id=\"6117fb8\" data-element_type=\"section\">\n\t\t\t\t\t\t<div class=\"elementor-container elementor-column-gap-default\">\n\t\t\t\t\t<div class=\"elementor-column elementor-col-50 elementor-top-column elementor-element elementor-element-0a64743\" data-id=\"0a64743\" data-element_type=\"column\">\n\t\t\t<div class=\"elementor-widget-wrap elementor-element-populated\">\n\t\t\t\t\t\t<div class=\"elementor-element elementor-element-b4553ee elementor-widget elementor-widget-image\" data-id=\"b4553ee\" data-element_type=\"widget\" data-widget_type=\"image.default\">\n\t\t\t\t<div class=\"elementor-widget-container\">\n\t\t\t\t\t\t\t\t\t\t\t\t\t\t\t<img fetchpriority=\"high\" decoding=\"async\" width=\"800\" height=\"534\" src=\"https:\/\/easyfairsassets.com\/sites\/388\/2021\/05\/New-Frank-Fol-Portret-1.jpeg\" class=\"attachment-large size-large wp-image-76152\" alt=\"Frank Fol portret\" srcset=\"https:\/\/easyfairsassets.com\/sites\/388\/2021\/05\/New-Frank-Fol-Portret-1.jpeg 853w, https:\/\/easyfairsassets.com\/sites\/388\/2021\/05\/New-Frank-Fol-Portret-1-300x200.jpeg 300w, https:\/\/easyfairsassets.com\/sites\/388\/2021\/05\/New-Frank-Fol-Portret-1-768x512.jpeg 768w\" sizes=\"(max-width: 800px) 100vw, 800px\" \/>\t\t\t\t\t\t\t\t\t\t\t\t\t\t\t<\/div>\n\t\t\t\t<\/div>\n\t\t\t\t\t<\/div>\n\t\t<\/div>\n\t\t\t\t<div class=\"elementor-column elementor-col-50 elementor-top-column elementor-element elementor-element-c958f14\" data-id=\"c958f14\" data-element_type=\"column\">\n\t\t\t<div class=\"elementor-widget-wrap elementor-element-populated\">\n\t\t\t\t\t\t<div class=\"elementor-element elementor-element-38e0184 elementor-widget elementor-widget-text-editor\" data-id=\"38e0184\" data-element_type=\"widget\" data-widget_type=\"text-editor.default\">\n\t\t\t\t<div class=\"elementor-widget-container\">\n\t\t\t\t\t\t\t\t\t<p><strong>Frank Fol<\/strong>, pr\u00e9sident de We&rsquo;re Smart\u00ae World, a donn\u00e9 le coup d&rsquo;envoi des premiers We&rsquo;re Smart\u00ae Talks le 24 mai. Dans ce webinaire, Frank nous a guid\u00e9s dans le monde merveilleux de We&rsquo;re Smart\u00ae. Un avant-go\u00fbt savoureux et une invitation ouverte \u00e0 rejoindre la communaut\u00e9 !<\/p>\n\t\t\t\t\t\t\t\t<\/div>\n\t\t\t\t<\/div>\n\t\t\t\t\t<\/div>\n\t\t<\/div>\n\t\t\t\t\t<\/div>\n\t\t<\/section>\n\t\t\t\t<section class=\"elementor-section elementor-top-section elementor-element elementor-element-6c05c97 elementor-section-boxed elementor-section-height-default elementor-section-height-default\" data-id=\"6c05c97\" data-element_type=\"section\">\n\t\t\t\t\t\t<div class=\"elementor-container elementor-column-gap-default\">\n\t\t\t\t\t<div class=\"elementor-column elementor-col-100 elementor-top-column elementor-element elementor-element-9bd95d9\" data-id=\"9bd95d9\" data-element_type=\"column\">\n\t\t\t<div class=\"elementor-widget-wrap elementor-element-populated\">\n\t\t\t\t\t\t<div class=\"elementor-element elementor-element-3b9f179 elementor-widget elementor-widget-text-editor\" data-id=\"3b9f179\" data-element_type=\"widget\" data-widget_type=\"text-editor.default\">\n\t\t\t\t<div class=\"elementor-widget-container\">\n\t\t\t\t\t\t\t\t\t<p>Vous avez manqu\u00e9 ce webinaire ? Ne vous inqui\u00e9tez pas, vous pouvez <strong>le regarder<\/strong> \u00e0 nouveau via <strong><a href=\"https:\/\/bit.ly\/2Tp1cm1\" target=\"_blank\" rel=\"noopener\">https:\/\/bit.ly\/2Tp1cm1<\/a><\/strong>.<\/p>\n\t\t\t\t\t\t\t\t<\/div>\n\t\t\t\t<\/div>\n\t\t\t\t\t<\/div>\n\t\t<\/div>\n\t\t\t\t\t<\/div>\n\t\t<\/section>\n\t\t\t\t<section class=\"elementor-section elementor-top-section elementor-element elementor-element-df12dce elementor-section-boxed elementor-section-height-default elementor-section-height-default\" data-id=\"df12dce\" data-element_type=\"section\">\n\t\t\t\t\t\t<div class=\"elementor-container elementor-column-gap-default\">\n\t\t\t\t\t<div class=\"elementor-column elementor-col-100 elementor-top-column elementor-element elementor-element-5444e53\" data-id=\"5444e53\" data-element_type=\"column\">\n\t\t\t<div class=\"elementor-widget-wrap elementor-element-populated\">\n\t\t\t\t\t\t<div class=\"elementor-element elementor-element-f34e0af elementor-widget elementor-widget-text-editor\" data-id=\"f34e0af\" data-element_type=\"widget\" data-widget_type=\"text-editor.default\">\n\t\t\t\t<div class=\"elementor-widget-container\">\n\t\t\t\t\t\t\t\t\t<p><strong>Next up: Xavier Pellicer &#8211; the pleasure of ingestion and good digestion!<\/strong><\/p>\n\t\t\t\t\t\t\t\t<\/div>\n\t\t\t\t<\/div>\n\t\t\t\t\t<\/div>\n\t\t<\/div>\n\t\t\t\t\t<\/div>\n\t\t<\/section>\n\t\t\t\t<section class=\"elementor-section elementor-top-section elementor-element elementor-element-62aec25 elementor-section-boxed elementor-section-height-default elementor-section-height-default\" data-id=\"62aec25\" data-element_type=\"section\">\n\t\t\t\t\t\t<div class=\"elementor-container elementor-column-gap-default\">\n\t\t\t\t\t<div class=\"elementor-column elementor-col-50 elementor-top-column elementor-element elementor-element-c76d9ce\" data-id=\"c76d9ce\" data-element_type=\"column\">\n\t\t\t<div class=\"elementor-widget-wrap elementor-element-populated\">\n\t\t\t\t\t\t<div class=\"elementor-element elementor-element-b8957a3 elementor-widget elementor-widget-image\" data-id=\"b8957a3\" data-element_type=\"widget\" data-widget_type=\"image.default\">\n\t\t\t\t<div class=\"elementor-widget-container\">\n\t\t\t\t\t\t\t\t\t\t\t\t\t\t\t<img decoding=\"async\" width=\"500\" height=\"334\" src=\"https:\/\/easyfairsassets.com\/sites\/388\/2021\/05\/xavier-pellicer-webinar.jpg\" class=\"attachment-large size-large wp-image-76094\" alt=\"xavier-pellicer\" srcset=\"https:\/\/easyfairsassets.com\/sites\/388\/2021\/05\/xavier-pellicer-webinar.jpg 500w, https:\/\/easyfairsassets.com\/sites\/388\/2021\/05\/xavier-pellicer-webinar-300x200.jpg 300w\" sizes=\"(max-width: 500px) 100vw, 500px\" \/>\t\t\t\t\t\t\t\t\t\t\t\t\t\t\t<\/div>\n\t\t\t\t<\/div>\n\t\t\t\t\t<\/div>\n\t\t<\/div>\n\t\t\t\t<div class=\"elementor-column elementor-col-50 elementor-top-column elementor-element elementor-element-3f9bc88\" data-id=\"3f9bc88\" data-element_type=\"column\">\n\t\t\t<div class=\"elementor-widget-wrap elementor-element-populated\">\n\t\t\t\t\t\t<div class=\"elementor-element elementor-element-20b7a34 elementor-widget elementor-widget-text-editor\" data-id=\"20b7a34\" data-element_type=\"widget\" data-widget_type=\"text-editor.default\">\n\t\t\t\t<div class=\"elementor-widget-container\">\n\t\t\t\t\t\t\t\t\t<p>Xavier Pellicer est le premier chef \u00ab\u00a0untouchable\u00a0\u00bb du guide vert We&rsquo;re Smart\u00ae.<\/p>\n<p>En 2018 et 2019, il a \u00e9t\u00e9 d\u00e9sign\u00e9 \u00e0 chaque fois <strong>meilleur restaurant v\u00e9g\u00e9tal du monde<\/strong> par le guide vert We&rsquo;re Smart\u00ae.<\/p>\n\t\t\t\t\t\t\t\t<\/div>\n\t\t\t\t<\/div>\n\t\t\t\t\t<\/div>\n\t\t<\/div>\n\t\t\t\t\t<\/div>\n\t\t<\/section>\n\t\t\t\t<section class=\"elementor-section elementor-top-section elementor-element elementor-element-b5680ff elementor-section-boxed elementor-section-height-default elementor-section-height-default\" data-id=\"b5680ff\" data-element_type=\"section\">\n\t\t\t\t\t\t<div class=\"elementor-container elementor-column-gap-default\">\n\t\t\t\t\t<div class=\"elementor-column elementor-col-100 elementor-top-column elementor-element elementor-element-9a89163\" data-id=\"9a89163\" data-element_type=\"column\">\n\t\t\t<div class=\"elementor-widget-wrap elementor-element-populated\">\n\t\t\t\t\t\t<div class=\"elementor-element elementor-element-a9a5ff0 elementor-widget elementor-widget-text-editor\" data-id=\"a9a5ff0\" data-element_type=\"widget\" data-widget_type=\"text-editor.default\">\n\t\t\t\t<div class=\"elementor-widget-container\">\n\t\t\t\t\t\t\t\t\t<p>Son concept de restaurant est bas\u00e9 \u00e0 <strong>Barcelone<\/strong> et se compose de 2 parties. D&rsquo;un c\u00f4t\u00e9 le restaurant \u00ab\u00a0<strong>Xavier Pellicer<\/strong>\u00ab\u00a0, sa cuisine saine et de l&rsquo;autre c\u00f4t\u00e9 le restaurant \u00ab\u00a0<strong>El Menjador<\/strong>\u00ab\u00a0. El Menjador est un espace s\u00e9par\u00e9, exclusif et intime o\u00f9 Xavier Pellicer et son \u00e9quipe pr\u00e9sentent leurs plats les plus personnels.<\/p>\n<p>Au cours de ce webinaire, il abordera de nombreux sujets int\u00e9ressants. Par exemple : la fa\u00e7on dont il compose ses menus ou la mani\u00e8re dont il communique avec ses fournisseurs. Il pr\u00e9sentera \u00e9galement son nouveau livre \u00ab\u00a0La Cuisine Saine\u00a0\u00bb.<\/p>\n<p>Notez-le donc dans votre agenda :<\/p>\n<ul>\n<li><strong>Lundi le 7 juin 2021, \u00e0 16h<\/strong><\/li>\n<li>20 min. de pr\u00e9sentation + 20 min. Q&amp;A<\/li>\n<li>Inscrivez-vous sur <strong><a href=\"https:\/\/bit.ly\/3icD2FR\" target=\"_blank\" rel=\"noopener\">https:\/\/bit.ly\/3icD2FR<\/a><\/strong><\/li>\n<\/ul>\n\t\t\t\t\t\t\t\t<\/div>\n\t\t\t\t<\/div>\n\t\t\t\t\t<\/div>\n\t\t<\/div>\n\t\t\t\t\t<\/div>\n\t\t<\/section>\n\t\t\t\t<section class=\"elementor-section elementor-top-section elementor-element elementor-element-b3a8f0b elementor-section-boxed elementor-section-height-default elementor-section-height-default\" data-id=\"b3a8f0b\" data-element_type=\"section\">\n\t\t\t\t\t\t<div class=\"elementor-container elementor-column-gap-default\">\n\t\t\t\t\t<div class=\"elementor-column elementor-col-100 elementor-top-column elementor-element elementor-element-51d292e\" data-id=\"51d292e\" data-element_type=\"column\">\n\t\t\t<div class=\"elementor-widget-wrap elementor-element-populated\">\n\t\t\t\t\t\t<div class=\"elementor-element elementor-element-26ea218 elementor-widget elementor-widget-heading\" data-id=\"26ea218\" data-element_type=\"widget\" data-widget_type=\"heading.default\">\n\t\t\t\t<div class=\"elementor-widget-container\">\n\t\t\t\t\t<h2 class=\"elementor-heading-title elementor-size-default\">Calendrier<\/h2>\t\t\t\t<\/div>\n\t\t\t\t<\/div>\n\t\t\t\t<div class=\"elementor-element elementor-element-6eb5160 elementor-widget elementor-widget-text-editor\" data-id=\"6eb5160\" data-element_type=\"widget\" data-widget_type=\"text-editor.default\">\n\t\t\t\t<div class=\"elementor-widget-container\">\n\t\t\t\t\t\t\t\t\t<p>Et bien s\u00fbr, cela ne s&rsquo;arr\u00eate pas l\u00e0. We&rsquo;re Smart\u00ae World pr\u00e9voit de nombreux autres \u00e9v\u00e9nements dans les mois \u00e0 venir. Consultez leur calendrier via <a href=\"https:\/\/bit.ly\/3hYT6L3\" target=\"_blank\" rel=\"noopener\">https:\/\/bit.ly\/3hYT6L3<\/a>.<\/p>\n<p>Nous sommes heureux de <strong>les accueillir lors de l&rsquo;Horeca Expo 2021 avec leur \u00ab\u00a0Launch We&rsquo;re Smart\u00ae Future Awards\u00a0\u00bb<\/strong>.<\/p>\n\t\t\t\t\t\t\t\t<\/div>\n\t\t\t\t<\/div>\n\t\t\t\t\t<\/div>\n\t\t<\/div>\n\t\t\t\t\t<\/div>\n\t\t<\/section>\n\t\t\t\t<\/div>\n\t\t","protected":false},"excerpt":{"rendered":"<p>Une philosophie \u00e0 la base&#8230; Tout commence par la campagne \u00ab\u00a0Think Vegetables ! Pensez fruit\u00ab\u00a0, la philosophie de l&rsquo;inspirateur Frank Fol, The Vegetables Chef\u00ae. We&rsquo;re Smart\u00ae World veut rassembler les personnes et les entreprises (We&rsquo;re) qui travaillent de mani\u00e8re saine, \u00e9cologique et durable, dans le secteur alimentaire et au-del\u00e0. L&rsquo;objectif est d&rsquo;apprendre les uns des [&hellip;]<\/p>\n","protected":false},"author":44,"featured_media":76092,"comment_status":"open","ping_status":"open","sticky":false,"template":"","format":"standard","meta":{"_seopress_robots_primary_cat":"none","_seopress_titles_title":"We're Smart\u00ae World lance la We're Smart\u00ae Academy.","_seopress_titles_desc":"D\u00e9couvrez les histoires inspirantes et les d\u00e9monstrations de leurs 5 chefs radis. Ou apprenez tout sur l'\u00e9cologie et la durabilit\u00e9 dans la cuisine.","_seopress_robots_index":"","footnotes":""},"categories":[2593],"tags":[],"edition":[],"class_list":["post-76136","post","type-post","status-publish","format-standard","has-post-thumbnail","hentry","category-partner-flash-fr"],"_links":{"self":[{"href":"https:\/\/www.horecaexpo.be\/fr\/wp-json\/wp\/v2\/posts\/76136","targetHints":{"allow":["GET"]}}],"collection":[{"href":"https:\/\/www.horecaexpo.be\/fr\/wp-json\/wp\/v2\/posts"}],"about":[{"href":"https:\/\/www.horecaexpo.be\/fr\/wp-json\/wp\/v2\/types\/post"}],"author":[{"embeddable":true,"href":"https:\/\/www.horecaexpo.be\/fr\/wp-json\/wp\/v2\/users\/44"}],"replies":[{"embeddable":true,"href":"https:\/\/www.horecaexpo.be\/fr\/wp-json\/wp\/v2\/comments?post=76136"}],"version-history":[{"count":0,"href":"https:\/\/www.horecaexpo.be\/fr\/wp-json\/wp\/v2\/posts\/76136\/revisions"}],"wp:featuredmedia":[{"embeddable":true,"href":"https:\/\/www.horecaexpo.be\/fr\/wp-json\/wp\/v2\/media\/76092"}],"wp:attachment":[{"href":"https:\/\/www.horecaexpo.be\/fr\/wp-json\/wp\/v2\/media?parent=76136"}],"wp:term":[{"taxonomy":"category","embeddable":true,"href":"https:\/\/www.horecaexpo.be\/fr\/wp-json\/wp\/v2\/categories?post=76136"},{"taxonomy":"post_tag","embeddable":true,"href":"https:\/\/www.horecaexpo.be\/fr\/wp-json\/wp\/v2\/tags?post=76136"},{"taxonomy":"edition","embeddable":true,"href":"https:\/\/www.horecaexpo.be\/fr\/wp-json\/wp\/v2\/edition?post=76136"}],"curies":[{"name":"wp","href":"https:\/\/api.w.org\/{rel}","templated":true}]}}