{"id":75904,"date":"2021-04-26T14:42:59","date_gmt":"2021-04-26T12:42:59","guid":{"rendered":"https:\/\/www.horecaexpo.be\/vlaams-culinair-centrum-sera-un-lieu-de-rencontre-international-pour-les-gourmets\/"},"modified":"2021-04-26T15:19:36","modified_gmt":"2021-04-26T13:19:36","slug":"vlaams-culinair-centrum-sera-un-lieu-de-rencontre-international-pour-les-gourmets","status":"publish","type":"post","link":"https:\/\/www.horecaexpo.be\/fr\/vlaams-culinair-centrum-sera-un-lieu-de-rencontre-international-pour-les-gourmets\/","title":{"rendered":"Vlaams Culinair Centrum sera un lieu de rencontre international pour les gourmets"},"content":{"rendered":"\t\t<div data-elementor-type=\"wp-post\" data-elementor-id=\"75904\" class=\"elementor elementor-75904 elementor-75896\" data-elementor-post-type=\"post\">\n\t\t\t\t\t\t<section class=\"elementor-section elementor-top-section elementor-element elementor-element-19a0819 elementor-section-boxed elementor-section-height-default elementor-section-height-default\" data-id=\"19a0819\" data-element_type=\"section\">\n\t\t\t\t\t\t<div class=\"elementor-container elementor-column-gap-default\">\n\t\t\t\t\t<div class=\"elementor-column elementor-col-100 elementor-top-column elementor-element elementor-element-831c1f5\" data-id=\"831c1f5\" data-element_type=\"column\">\n\t\t\t<div class=\"elementor-widget-wrap elementor-element-populated\">\n\t\t\t\t\t\t<div class=\"elementor-element elementor-element-742ef1d elementor-widget elementor-widget-text-editor\" data-id=\"742ef1d\" data-element_type=\"widget\" data-widget_type=\"text-editor.default\">\n\t\t\t\t<div class=\"elementor-widget-container\">\n\t\t\t\t\t\t\t\t\t<p>Le Loodswezen \u00e0 Anvers va conna\u00eetre un nouveau souffle avec la cr\u00e9ation du \u00ab\u00a0Vlaams Culinair Centrum\u00a0\u00bb (VCC). Le VCC sera le lieu de rencontre de tous ceux qui sont passionn\u00e9s par l&rsquo;alimentation. C&rsquo;est ce qu&rsquo;a annonc\u00e9 la <strong>ministre flamande du tourisme, Zuhal Demir<\/strong>.<\/p>\n<p>Le \u00ab\u00a0Vlaams Culinair Centrum\u00a0\u00bb souhaite <strong>renforcer le profil de la Flandre<\/strong> en tant que r\u00e9gion de tradition et d&rsquo;innovation culinaires. \u00ab\u00a0Le site embl\u00e9matique du Loodswezen \u00e0 Anvers est un endroit parfait pour cela\u00a0\u00bb, d\u00e9clare le ministre Demir. \u00ab\u00a0Au XIXe si\u00e8cle, Anvers est devenu un port mondial qui fournissait \u00e0 notre r\u00e9gion des ingr\u00e9dients de la plus haute qualit\u00e9. Nos artisans flamands ont rapidement go\u00fbt\u00e9 aux ingr\u00e9dients import\u00e9s et ont appris \u00e0 cr\u00e9er des produits et des plats uniques. Cette histoire et cet artisanat constituent la base de notre image culinaire d&rsquo;aujourd&rsquo;hui, que nous montrerons fi\u00e8rement aux gourmets des quatre coins du monde.\u00a0\u00bb<\/p>\n\t\t\t\t\t\t\t\t<\/div>\n\t\t\t\t<\/div>\n\t\t\t\t\t<\/div>\n\t\t<\/div>\n\t\t\t\t\t<\/div>\n\t\t<\/section>\n\t\t\t\t<section class=\"elementor-section elementor-top-section elementor-element elementor-element-84b590e elementor-section-boxed elementor-section-height-default elementor-section-height-default\" data-id=\"84b590e\" data-element_type=\"section\">\n\t\t\t\t\t\t<div class=\"elementor-container elementor-column-gap-default\">\n\t\t\t\t\t<div class=\"elementor-column elementor-col-100 elementor-top-column elementor-element elementor-element-4571d96\" data-id=\"4571d96\" data-element_type=\"column\">\n\t\t\t<div class=\"elementor-widget-wrap elementor-element-populated\">\n\t\t\t\t\t\t<div class=\"elementor-element elementor-element-f2fd486 elementor-widget elementor-widget-heading\" data-id=\"f2fd486\" data-element_type=\"widget\" data-widget_type=\"heading.default\">\n\t\t\t\t<div class=\"elementor-widget-container\">\n\t\t\t\t\t<h2 class=\"elementor-heading-title elementor-size-default\">Espaces polyvalents<\/h2>\t\t\t\t<\/div>\n\t\t\t\t<\/div>\n\t\t\t\t<div class=\"elementor-element elementor-element-37a7ff0 elementor-widget elementor-widget-text-editor\" data-id=\"37a7ff0\" data-element_type=\"widget\" data-widget_type=\"text-editor.default\">\n\t\t\t\t<div class=\"elementor-widget-container\">\n\t\t\t\t\t\t\t\t\t<p>Dans le \u00ab\u00a0Vlaams Culinair Centrum\u00a0\u00bb, il y a de la place pour un <strong>studio de cuisine<\/strong>, une <strong>cuisine de formation<\/strong>, un <strong>laboratoire cr\u00e9atif<\/strong>, une <strong>microbrasserie<\/strong>, un <strong>coin des orateurs<\/strong>, un <strong>centre d&rsquo;affaires<\/strong> culinaires, une <strong>biblioth\u00e8que<\/strong> culinaire num\u00e9rique, mais aussi beaucoup de place pour des <strong>modules d&rsquo;exp\u00e9rience interactifs<\/strong> et m\u00eame un <strong>restaurant du futur<\/strong>.<\/p>\n<p>Dans une boutique, on peut vendre des produits locaux ainsi que des bi\u00e8res, des d\u00e9corations de table, des livres de recettes,&#8230; tous fabriqu\u00e9s en Flandre. Le Loodswezen contient \u00e9galement un magnifique terrain qui peut \u00eatre transform\u00e9 en un jardin communautaire fertile en collaboration avec les r\u00e9sidents, chefs et agriculteurs locaux.<\/p>\n<p>Traduit avec www.DeepL.com\/Translator (version gratuite)<\/p>\n\t\t\t\t\t\t\t\t<\/div>\n\t\t\t\t<\/div>\n\t\t\t\t\t<\/div>\n\t\t<\/div>\n\t\t\t\t\t<\/div>\n\t\t<\/section>\n\t\t\t\t<section class=\"elementor-section elementor-top-section elementor-element elementor-element-be1b97f elementor-section-boxed elementor-section-height-default elementor-section-height-default\" data-id=\"be1b97f\" data-element_type=\"section\">\n\t\t\t\t\t\t<div class=\"elementor-container elementor-column-gap-default\">\n\t\t\t\t\t<div class=\"elementor-column elementor-col-100 elementor-top-column elementor-element elementor-element-9f6acea\" data-id=\"9f6acea\" data-element_type=\"column\">\n\t\t\t<div class=\"elementor-widget-wrap elementor-element-populated\">\n\t\t\t\t\t\t<div class=\"elementor-element elementor-element-52b716e elementor-widget elementor-widget-heading\" data-id=\"52b716e\" data-element_type=\"widget\" data-widget_type=\"heading.default\">\n\t\t\t\t<div class=\"elementor-widget-container\">\n\t\t\t\t\t<h2 class=\"elementor-heading-title elementor-size-default\">Attraction culinaire<\/h2>\t\t\t\t<\/div>\n\t\t\t\t<\/div>\n\t\t\t\t<div class=\"elementor-element elementor-element-07bc1d9 elementor-widget elementor-widget-text-editor\" data-id=\"07bc1d9\" data-element_type=\"widget\" data-widget_type=\"text-editor.default\">\n\t\t\t\t<div class=\"elementor-widget-container\">\n\t\t\t\t\t\t\t\t\t<p>\u00ab\u00a0Au Vlaams Culinair Centrum, les visiteurs venus de loin ou de pr\u00e8s entreront en contact avec les gourmets locaux, les talents culinaires et les d\u00e9lices flamands. En collaboration avec les r\u00e9sidents locaux, les entrepreneurs et <strong>la ville d&rsquo;Anvers<\/strong>, Toerisme Vlaanderen d\u00e9veloppera le site pour en faire une attraction culinaire unique\u00a0\u00bb, d\u00e9clare Peter De Wilde, CEO de Toerisme Vlaanderen.<\/p>\n<p>\u00ab\u00a0Nous, les Flamands, sommes connus dans le monde entier pour notre savoir-faire culinaire. Nulle part au monde vous ne trouverez autant d&rsquo;\u00e9toiles Michelin sur un si petit territoire qu&rsquo;ici. Avec l&rsquo;arriv\u00e9e du Vlaams Culinair Centrum, nous serons en mesure d&rsquo;afficher ce savoir-faire avec une grande fiert\u00e9 dans la vitrine flamande. Nous voulons vraiment placer un m\u00e9gaphone dans la courbe de l&rsquo;Escaut pour renforcer le secteur\u00a0\u00bb, ajoute le ministre Demir. Le centre sera un levier pour les entrepreneurs locaux et une locomotive pour tous les autres sites de Flandre qui contribuent \u00e0 b\u00e2tir notre r\u00e9putation gastronomique.<\/p>\n<p>Le Centre sera un v\u00e9ritable lieu de rencontre pour la communaut\u00e9 internationale des \u00ab\u00a0amateurs de cuisine\u00a0\u00bb et des \u00ab\u00a0amateurs de bi\u00e8re\u00a0\u00bb. Tous les passionn\u00e9s de bonne ch\u00e8re et de boissons trouveront leur bonheur. Du professionnel au cuisinier amateur curieux en passant par le brasseur de bi\u00e8re volontaire.<\/p>\n\t\t\t\t\t\t\t\t<\/div>\n\t\t\t\t<\/div>\n\t\t\t\t\t<\/div>\n\t\t<\/div>\n\t\t\t\t\t<\/div>\n\t\t<\/section>\n\t\t\t\t<\/div>\n\t\t","protected":false},"excerpt":{"rendered":"<p>Le Loodswezen \u00e0 Anvers va conna\u00eetre un nouveau souffle avec la cr\u00e9ation du \u00ab\u00a0Vlaams Culinair Centrum\u00a0\u00bb (VCC). Le VCC sera le lieu de rencontre de tous ceux qui sont passionn\u00e9s par l&rsquo;alimentation. C&rsquo;est ce qu&rsquo;a annonc\u00e9 la ministre flamande du tourisme, Zuhal Demir. Le \u00ab\u00a0Vlaams Culinair Centrum\u00a0\u00bb souhaite renforcer le profil de la Flandre en [&hellip;]<\/p>\n","protected":false},"author":44,"featured_media":75899,"comment_status":"open","ping_status":"open","sticky":false,"template":"","format":"standard","meta":{"_seopress_robots_primary_cat":"","_seopress_titles_title":"","_seopress_titles_desc":"","_seopress_robots_index":"","footnotes":""},"categories":[2593],"tags":[],"edition":[],"class_list":["post-75904","post","type-post","status-publish","format-standard","has-post-thumbnail","hentry","category-partner-flash-fr"],"_links":{"self":[{"href":"https:\/\/www.horecaexpo.be\/fr\/wp-json\/wp\/v2\/posts\/75904","targetHints":{"allow":["GET"]}}],"collection":[{"href":"https:\/\/www.horecaexpo.be\/fr\/wp-json\/wp\/v2\/posts"}],"about":[{"href":"https:\/\/www.horecaexpo.be\/fr\/wp-json\/wp\/v2\/types\/post"}],"author":[{"embeddable":true,"href":"https:\/\/www.horecaexpo.be\/fr\/wp-json\/wp\/v2\/users\/44"}],"replies":[{"embeddable":true,"href":"https:\/\/www.horecaexpo.be\/fr\/wp-json\/wp\/v2\/comments?post=75904"}],"version-history":[{"count":0,"href":"https:\/\/www.horecaexpo.be\/fr\/wp-json\/wp\/v2\/posts\/75904\/revisions"}],"wp:featuredmedia":[{"embeddable":true,"href":"https:\/\/www.horecaexpo.be\/fr\/wp-json\/wp\/v2\/media\/75899"}],"wp:attachment":[{"href":"https:\/\/www.horecaexpo.be\/fr\/wp-json\/wp\/v2\/media?parent=75904"}],"wp:term":[{"taxonomy":"category","embeddable":true,"href":"https:\/\/www.horecaexpo.be\/fr\/wp-json\/wp\/v2\/categories?post=75904"},{"taxonomy":"post_tag","embeddable":true,"href":"https:\/\/www.horecaexpo.be\/fr\/wp-json\/wp\/v2\/tags?post=75904"},{"taxonomy":"edition","embeddable":true,"href":"https:\/\/www.horecaexpo.be\/fr\/wp-json\/wp\/v2\/edition?post=75904"}],"curies":[{"name":"wp","href":"https:\/\/api.w.org\/{rel}","templated":true}]}}