{"id":75542,"date":"2021-03-25T14:19:48","date_gmt":"2021-03-25T13:19:48","guid":{"rendered":"https:\/\/www.horecaexpo.be\/la-culture-fritkot-pose-sa-candidature-pour-le-patrimoine-mondial-de-lunesco\/"},"modified":"2021-03-30T11:38:52","modified_gmt":"2021-03-30T09:38:52","slug":"la-culture-fritkot-pose-sa-candidature-pour-le-patrimoine-mondial-de-lunesco","status":"publish","type":"post","link":"https:\/\/www.horecaexpo.be\/fr\/la-culture-fritkot-pose-sa-candidature-pour-le-patrimoine-mondial-de-lunesco\/","title":{"rendered":"La Culture Fritkot pose sa candidature pour le patrimoine mondial de l&rsquo;Unesco"},"content":{"rendered":"\t\t<div data-elementor-type=\"wp-post\" data-elementor-id=\"75542\" class=\"elementor elementor-75542 elementor-75503\" data-elementor-post-type=\"post\">\n\t\t\t\t\t\t<section class=\"elementor-section elementor-top-section elementor-element elementor-element-f9adb5b elementor-section-boxed elementor-section-height-default elementor-section-height-default\" data-id=\"f9adb5b\" data-element_type=\"section\">\n\t\t\t\t\t\t<div class=\"elementor-container elementor-column-gap-default\">\n\t\t\t\t\t<div class=\"elementor-column elementor-col-100 elementor-top-column elementor-element elementor-element-d02293e\" data-id=\"d02293e\" data-element_type=\"column\">\n\t\t\t<div class=\"elementor-widget-wrap elementor-element-populated\">\n\t\t\t\t\t\t<div class=\"elementor-element elementor-element-07df0a5 elementor-widget elementor-widget-text-editor\" data-id=\"07df0a5\" data-element_type=\"widget\" data-widget_type=\"text-editor.default\">\n\t\t\t\t<div class=\"elementor-widget-container\">\n\t\t\t\t\t\t\t\t\t<p>La culture belge du Frietkot a \u00e9t\u00e9 inscrite \u00e0 l&rsquo;Inventaire du patrimoine culturel immat\u00e9riel de la Flandre en <strong>2014<\/strong>, suivie d&rsquo;une reconnaissance par la Communaut\u00e9 fran\u00e7aise en <strong>2016<\/strong> et par la Communaut\u00e9 germanophone ainsi que par la R\u00e9gion de Bruxelles-Capitale en <strong>2017<\/strong>.<\/p>\n\t\t\t\t\t\t\t\t<\/div>\n\t\t\t\t<\/div>\n\t\t\t\t<div class=\"elementor-element elementor-element-7b2c22c elementor-widget elementor-widget-heading\" data-id=\"7b2c22c\" data-element_type=\"widget\" data-widget_type=\"heading.default\">\n\t\t\t\t<div class=\"elementor-widget-container\">\n\t\t\t\t\t<h2 class=\"elementor-heading-title elementor-size-default\">Candidature<\/h2>\t\t\t\t<\/div>\n\t\t\t\t<\/div>\n\t\t\t\t<div class=\"elementor-element elementor-element-ccadc15 elementor-widget elementor-widget-text-editor\" data-id=\"ccadc15\" data-element_type=\"widget\" data-widget_type=\"text-editor.default\">\n\t\t\t\t<div class=\"elementor-widget-container\">\n\t\t\t\t\t\t\t\t\t<p>En <strong>2022<\/strong>, ce sera au tour de la Flandre de proposer un candidat au nom de la Belgique pour la reconnaissance par <strong>l&rsquo;UNESCO du patrimoine culturel immat\u00e9riel de l&rsquo;humanit\u00e9<\/strong>.<\/p>\n\t\t\t\t\t\t\t\t<\/div>\n\t\t\t\t<\/div>\n\t\t\t\t<div class=\"elementor-element elementor-element-8666ac6 elementor-widget elementor-widget-text-editor\" data-id=\"8666ac6\" data-element_type=\"widget\" data-widget_type=\"text-editor.default\">\n\t\t\t\t<div class=\"elementor-widget-container\">\n\t\t\t\t\t\t\t\t\t<p>Et donc&#8230;<\/p>\n<p><strong>Unafri<\/strong>, l&rsquo;Union Nationale des Frituristes, en concertation avec le \u00ab\u00a0Frietkotraad\u00a0\u00bb, vient de d\u00e9poser un dossier de candidature aupr\u00e8s du D\u00e9partement flamand de la culture, de la jeunesse et des m\u00e9dias.<\/p>\n<p>Sur la base de l&rsquo;avis d&rsquo;un comit\u00e9 d&rsquo;experts, le ministre de la Culture d\u00e9cidera le 15 mai du dossier qui sera soumis par la Belgique \u00e0 l&rsquo;UNESCO pour \u00eatre reconnu comme patrimoine culturel immat\u00e9riel de l&rsquo;humanit\u00e9.<\/p>\n<p>A suivre !<\/p>\n\t\t\t\t\t\t\t\t<\/div>\n\t\t\t\t<\/div>\n\t\t\t\t\t<\/div>\n\t\t<\/div>\n\t\t\t\t\t<\/div>\n\t\t<\/section>\n\t\t\t\t<\/div>\n\t\t","protected":false},"excerpt":{"rendered":"<p>La culture belge du Frietkot a \u00e9t\u00e9 inscrite \u00e0 l&rsquo;Inventaire du patrimoine culturel immat\u00e9riel de la Flandre en 2014, suivie d&rsquo;une reconnaissance par la Communaut\u00e9 fran\u00e7aise en 2016 et par la Communaut\u00e9 germanophone ainsi que par la R\u00e9gion de Bruxelles-Capitale en 2017. Candidature En 2022, ce sera au tour de la Flandre de proposer un [&hellip;]<\/p>\n","protected":false},"author":44,"featured_media":68945,"comment_status":"open","ping_status":"open","sticky":false,"template":"","format":"standard","meta":{"_seopress_robots_primary_cat":"","_seopress_titles_title":"","_seopress_titles_desc":"","_seopress_robots_index":"","footnotes":""},"categories":[2593],"tags":[],"edition":[],"class_list":["post-75542","post","type-post","status-publish","format-standard","has-post-thumbnail","hentry","category-partner-flash-fr"],"_links":{"self":[{"href":"https:\/\/www.horecaexpo.be\/fr\/wp-json\/wp\/v2\/posts\/75542","targetHints":{"allow":["GET"]}}],"collection":[{"href":"https:\/\/www.horecaexpo.be\/fr\/wp-json\/wp\/v2\/posts"}],"about":[{"href":"https:\/\/www.horecaexpo.be\/fr\/wp-json\/wp\/v2\/types\/post"}],"author":[{"embeddable":true,"href":"https:\/\/www.horecaexpo.be\/fr\/wp-json\/wp\/v2\/users\/44"}],"replies":[{"embeddable":true,"href":"https:\/\/www.horecaexpo.be\/fr\/wp-json\/wp\/v2\/comments?post=75542"}],"version-history":[{"count":0,"href":"https:\/\/www.horecaexpo.be\/fr\/wp-json\/wp\/v2\/posts\/75542\/revisions"}],"wp:featuredmedia":[{"embeddable":true,"href":"https:\/\/www.horecaexpo.be\/fr\/wp-json\/wp\/v2\/media\/68945"}],"wp:attachment":[{"href":"https:\/\/www.horecaexpo.be\/fr\/wp-json\/wp\/v2\/media?parent=75542"}],"wp:term":[{"taxonomy":"category","embeddable":true,"href":"https:\/\/www.horecaexpo.be\/fr\/wp-json\/wp\/v2\/categories?post=75542"},{"taxonomy":"post_tag","embeddable":true,"href":"https:\/\/www.horecaexpo.be\/fr\/wp-json\/wp\/v2\/tags?post=75542"},{"taxonomy":"edition","embeddable":true,"href":"https:\/\/www.horecaexpo.be\/fr\/wp-json\/wp\/v2\/edition?post=75542"}],"curies":[{"name":"wp","href":"https:\/\/api.w.org\/{rel}","templated":true}]}}