{"id":75538,"date":"2021-03-25T13:08:47","date_gmt":"2021-03-25T12:08:47","guid":{"rendered":"https:\/\/www.horecaexpo.be\/we-are-happy-to-be-back\/"},"modified":"2021-04-01T14:00:36","modified_gmt":"2021-04-01T12:00:36","slug":"we-are-happy-to-be-back","status":"publish","type":"post","link":"https:\/\/www.horecaexpo.be\/fr\/we-are-happy-to-be-back\/","title":{"rendered":"We are happy to be back!"},"content":{"rendered":"\t\t<div data-elementor-type=\"wp-post\" data-elementor-id=\"75538\" class=\"elementor elementor-75538 elementor-75472\" data-elementor-post-type=\"post\">\n\t\t\t\t\t\t<section class=\"elementor-section elementor-top-section elementor-element elementor-element-8542fb9 elementor-section-boxed elementor-section-height-default elementor-section-height-default\" data-id=\"8542fb9\" data-element_type=\"section\">\n\t\t\t\t\t\t<div class=\"elementor-container elementor-column-gap-default\">\n\t\t\t\t\t<div class=\"elementor-column elementor-col-100 elementor-top-column elementor-element elementor-element-a0bbc49\" data-id=\"a0bbc49\" data-element_type=\"column\">\n\t\t\t<div class=\"elementor-widget-wrap elementor-element-populated\">\n\t\t\t\t\t\t<div class=\"elementor-element elementor-element-46ca14c elementor-widget elementor-widget-text-editor\" data-id=\"46ca14c\" data-element_type=\"widget\" data-widget_type=\"text-editor.default\">\n\t\t\t\t<div class=\"elementor-widget-container\">\n\t\t\t\t\t\t\t\t\t<p>Malheureusement, 2020 a \u00e9t\u00e9 une ann\u00e9e sans Horeca Expo, mais en attendant, les pr\u00e9paratifs de la <strong>32e \u00e9dition<\/strong> battent leur plein.<\/p>\n<p>Avec <strong>18 000 m\u00b2<\/strong> de surface d\u00e9j\u00e0 occup\u00e9s, l&rsquo;organisation et les exposants inscrits envisagent avec confiance le mois de novembre.<\/p>\n\t\t\t\t\t\t\t\t<\/div>\n\t\t\t\t<\/div>\n\t\t\t\t<div class=\"elementor-element elementor-element-d233046 elementor-widget elementor-widget-heading\" data-id=\"d233046\" data-element_type=\"widget\" data-widget_type=\"heading.default\">\n\t\t\t\t<div class=\"elementor-widget-container\">\n\t\t\t\t\t<h2 class=\"elementor-heading-title elementor-size-default\">L'accent sur \"new horeca\"<\/h2>\t\t\t\t<\/div>\n\t\t\t\t<\/div>\n\t\t\t\t<div class=\"elementor-element elementor-element-7fc79dd elementor-widget elementor-widget-text-editor\" data-id=\"7fc79dd\" data-element_type=\"widget\" data-widget_type=\"text-editor.default\">\n\t\t\t\t<div class=\"elementor-widget-container\">\n\t\t\t\t\t\t\t\t\t<p>D\u00e9couvrir des nouveaut\u00e9s, voil\u00e0 de quoi il s&rsquo;agit ! <strong>L&rsquo;innovation<\/strong> et <strong>l&rsquo;inspiration<\/strong> restent donc des valeurs fondamentales importantes.<\/p>\n<p>En plus de l&rsquo;\u00e9ventail existant d&rsquo;exposants, une attention particuli\u00e8re est accord\u00e9e cette ann\u00e9e \u00e0 la <strong>technologie<\/strong>, <strong>vending<\/strong> &amp; <strong>delivery<\/strong>. Une nouvelle zone \u201c<strong>start-ups<\/strong>\u201d sera \u00e9galement construite, o\u00f9 les jeunes entreprises pourront pr\u00e9senter leurs offres prometteuses au march\u00e9 pour la premi\u00e8re fois.<\/p>\n\t\t\t\t\t\t\t\t<\/div>\n\t\t\t\t<\/div>\n\t\t\t\t<div class=\"elementor-element elementor-element-a6c6ca1 elementor-widget elementor-widget-heading\" data-id=\"a6c6ca1\" data-element_type=\"widget\" data-widget_type=\"heading.default\">\n\t\t\t\t<div class=\"elementor-widget-container\">\n\t\t\t\t\t<h2 class=\"elementor-heading-title elementor-size-default\">Programme<\/h2>\t\t\t\t<\/div>\n\t\t\t\t<\/div>\n\t\t\t\t<div class=\"elementor-element elementor-element-d4973a1 elementor-widget elementor-widget-text-editor\" data-id=\"d4973a1\" data-element_type=\"widget\" data-widget_type=\"text-editor.default\">\n\t\t\t\t<div class=\"elementor-widget-container\">\n\t\t\t\t\t\t\t\t\t<p>Un certain nombre de partenaires ont d\u00e9j\u00e0 confirm\u00e9 leurs activit\u00e9s pendant Horeca Expo. Par exemple, nous accueillerons \u00e0 nouveau <strong>Bocuse d&rsquo;Or<\/strong> et sa s\u00e9lection du candidat belge, le <strong>National Foodservice Congress<\/strong> organis\u00e9 par Foodservice Alliance, le concours <strong>Jeunes Talents Troph\u00e9e Auguste Escoffier Benelux<\/strong> et <strong>Hotellotop<\/strong>.<\/p>\n\t\t\t\t\t\t\t\t<\/div>\n\t\t\t\t<\/div>\n\t\t\t\t<div class=\"elementor-element elementor-element-5507ee4 elementor-widget elementor-widget-heading\" data-id=\"5507ee4\" data-element_type=\"widget\" data-widget_type=\"heading.default\">\n\t\t\t\t<div class=\"elementor-widget-container\">\n\t\t\t\t\t<h2 class=\"elementor-heading-title elementor-size-default\">Contact<\/h2>\t\t\t\t<\/div>\n\t\t\t\t<\/div>\n\t\t\t\t<div class=\"elementor-element elementor-element-265fad4 elementor-widget elementor-widget-text-editor\" data-id=\"265fad4\" data-element_type=\"widget\" data-widget_type=\"text-editor.default\">\n\t\t\t\t<div class=\"elementor-widget-container\">\n\t\t\t\t\t\t\t\t\t<p>Ceux qui veulent participer \u00e0 Horeca Expo, peuvent contacter l\u2019organisation via <strong><a href=\"mailto:horecaexpo@easyfairs.com\" target=\"_blank\" rel=\"noopener\">horecaexpo@easyfairs.com<\/a><\/strong>.<\/p>\n<p>Vous voulez rester au courant des derni\u00e8res nouvelles ? N&rsquo;oubliez pas de nous suivre sur <strong><a href=\"http:\/\/www.linkedin.com\/showcase\/horeca-expo\" target=\"_blank\" rel=\"noopener\">LinkedIn<\/a><\/strong>, <strong><a href=\"http:\/\/www.twitter.com\/horecaexpo\" target=\"_blank\" rel=\"noopener\">Twitter<\/a><\/strong>, <strong><a href=\"http:\/\/www.facebook.com\/horecaexpo\" target=\"_blank\" rel=\"noopener\">Facebook<\/a> <\/strong>et bient\u00f4t aussi sur Instagram.<\/p>\n\t\t\t\t\t\t\t\t<\/div>\n\t\t\t\t<\/div>\n\t\t\t\t\t<\/div>\n\t\t<\/div>\n\t\t\t\t\t<\/div>\n\t\t<\/section>\n\t\t\t\t<\/div>\n\t\t","protected":false},"excerpt":{"rendered":"<p>Malheureusement, 2020 a \u00e9t\u00e9 une ann\u00e9e sans Horeca Expo, mais en attendant, les pr\u00e9paratifs de la 32e \u00e9dition battent leur plein. Avec 18 000 m\u00b2 de surface d\u00e9j\u00e0 occup\u00e9s, l&rsquo;organisation et les exposants inscrits envisagent avec confiance le mois de novembre. L&rsquo;accent sur \u00ab\u00a0new horeca\u00a0\u00bb D\u00e9couvrir des nouveaut\u00e9s, voil\u00e0 de quoi il s&rsquo;agit ! L&rsquo;innovation [&hellip;]<\/p>\n","protected":false},"author":44,"featured_media":75613,"comment_status":"open","ping_status":"open","sticky":false,"template":"","format":"standard","meta":{"_seopress_robots_primary_cat":"none","_seopress_titles_title":"","_seopress_titles_desc":"","_seopress_robots_index":"","footnotes":""},"categories":[2592],"tags":[],"edition":[],"class_list":["post-75538","post","type-post","status-publish","format-standard","has-post-thumbnail","hentry","category-update"],"_links":{"self":[{"href":"https:\/\/www.horecaexpo.be\/fr\/wp-json\/wp\/v2\/posts\/75538","targetHints":{"allow":["GET"]}}],"collection":[{"href":"https:\/\/www.horecaexpo.be\/fr\/wp-json\/wp\/v2\/posts"}],"about":[{"href":"https:\/\/www.horecaexpo.be\/fr\/wp-json\/wp\/v2\/types\/post"}],"author":[{"embeddable":true,"href":"https:\/\/www.horecaexpo.be\/fr\/wp-json\/wp\/v2\/users\/44"}],"replies":[{"embeddable":true,"href":"https:\/\/www.horecaexpo.be\/fr\/wp-json\/wp\/v2\/comments?post=75538"}],"version-history":[{"count":0,"href":"https:\/\/www.horecaexpo.be\/fr\/wp-json\/wp\/v2\/posts\/75538\/revisions"}],"wp:featuredmedia":[{"embeddable":true,"href":"https:\/\/www.horecaexpo.be\/fr\/wp-json\/wp\/v2\/media\/75613"}],"wp:attachment":[{"href":"https:\/\/www.horecaexpo.be\/fr\/wp-json\/wp\/v2\/media?parent=75538"}],"wp:term":[{"taxonomy":"category","embeddable":true,"href":"https:\/\/www.horecaexpo.be\/fr\/wp-json\/wp\/v2\/categories?post=75538"},{"taxonomy":"post_tag","embeddable":true,"href":"https:\/\/www.horecaexpo.be\/fr\/wp-json\/wp\/v2\/tags?post=75538"},{"taxonomy":"edition","embeddable":true,"href":"https:\/\/www.horecaexpo.be\/fr\/wp-json\/wp\/v2\/edition?post=75538"}],"curies":[{"name":"wp","href":"https:\/\/api.w.org\/{rel}","templated":true}]}}