{"id":248447,"date":"2025-03-28T11:00:46","date_gmt":"2025-03-28T10:00:46","guid":{"rendered":"https:\/\/www.horecaexpo.be\/le-projet-gaultmillau-young-horeca-talents-recompense-des-eleves-creatifs\/"},"modified":"2025-03-28T12:25:56","modified_gmt":"2025-03-28T11:25:56","slug":"le-projet-gaultmillau-young-horeca-talents-recompense-des-eleves-creatifs","status":"publish","type":"post","link":"https:\/\/www.horecaexpo.be\/fr\/le-projet-gaultmillau-young-horeca-talents-recompense-des-eleves-creatifs\/","title":{"rendered":"Le projet Gault&#038;Millau Young Horeca Talents r\u00e9compense des \u00e9l\u00e8ves cr\u00e9atifs."},"content":{"rendered":"\t\t<div data-elementor-type=\"wp-post\" data-elementor-id=\"248447\" class=\"elementor elementor-248447 elementor-248432\" data-elementor-post-type=\"post\">\n\t\t\t\t<div class=\"elementor-element elementor-element-82c9100 e-flex e-con-boxed e-con e-parent\" data-id=\"82c9100\" data-element_type=\"container\">\n\t\t\t\t\t<div class=\"e-con-inner\">\n\t\t\t\t<div class=\"elementor-element elementor-element-ddf6719 elementor-widget elementor-widget-heading\" data-id=\"ddf6719\" data-element_type=\"widget\" data-widget_type=\"heading.default\">\n\t\t\t\t<div class=\"elementor-widget-container\">\n\t\t\t\t\t<h2 class=\"elementor-heading-title elementor-size-default\">La g\u00e9n\u00e9ration Z d\u2019\u00e9coles h\u00f4teli\u00e8res pleinement ancr\u00e9e dans son \u00e9poque.<\/h2>\t\t\t\t<\/div>\n\t\t\t\t<\/div>\n\t\t\t\t\t<\/div>\n\t\t\t\t<\/div>\n\t\t<div class=\"elementor-element elementor-element-6d8b88e e-flex e-con-boxed e-con e-parent\" data-id=\"6d8b88e\" data-element_type=\"container\">\n\t\t\t\t\t<div class=\"e-con-inner\">\n\t\t\t\t<div class=\"elementor-element elementor-element-e95ccbf elementor-widget elementor-widget-text-editor\" data-id=\"e95ccbf\" data-element_type=\"widget\" data-widget_type=\"text-editor.default\">\n\t\t\t\t<div class=\"elementor-widget-container\">\n\t\t\t\t\t\t\t\t\t<p>Le 25 mars 2025 \u00e9tait un jour attendu avec impatience par les \u00e9coles h\u00f4teli\u00e8res de Belgique et du Luxembourg. \u00c0 Bruxelles, s\u2019est tenue la premi\u00e8re journ\u00e9e des Young Horeca Talents, au cours de laquelle les participants au projet Gault&amp;Millau Young Horeca Talents ont \u00e9t\u00e9 r\u00e9compens\u00e9s.<\/p>\n<p>Neuf des meilleures \u00e9coles h\u00f4teli\u00e8res de Belgique et du Luxembourg ont pris part \u00e0 cette premi\u00e8re \u00e9dition, avec plus de 50 \u00e9l\u00e8ves qui ont donn\u00e9 le meilleur d\u2019eux-m\u00eames autour de trois missions :<\/p>\n<ul>\n<li>Les Challenges Aspiration et Innovation+, \u00e9valu\u00e9s globalement<\/li>\n<li>Les six Challenges de Cr\u00e9ativit\u00e9, jug\u00e9s individuellement<\/li>\n<\/ul>\n<p>C\u2019est la premi\u00e8re fois qu\u2019une initiative de ce genre voit le jour, invitant les \u00e9l\u00e8ves \u00e0:<\/p>\n<ul>\n<li>R\u00e9fl\u00e9chir \u00e0 leur formation et \u00e0 leur avenir (Prix Aspiration)<\/li>\n<li>Appliquer de nouveaux concepts horeca dans leur propre \u00e9cole (Prix Innovation)<\/li>\n<li>Cr\u00e9er des menus cr\u00e9atifs autour des grands th\u00e8mes de la gastronomie (Prix Cr\u00e9ativit\u00e9)<\/li>\n<\/ul>\n\t\t\t\t\t\t\t\t<\/div>\n\t\t\t\t<\/div>\n\t\t\t\t\t<\/div>\n\t\t\t\t<\/div>\n\t\t<div class=\"elementor-element elementor-element-9429fbb e-flex e-con-boxed e-con e-parent\" data-id=\"9429fbb\" data-element_type=\"container\">\n\t\t\t\t\t<div class=\"e-con-inner\">\n\t\t\t\t<div class=\"elementor-element elementor-element-ce14c12 elementor-widget elementor-widget-heading\" data-id=\"ce14c12\" data-element_type=\"widget\" data-widget_type=\"heading.default\">\n\t\t\t\t<div class=\"elementor-widget-container\">\n\t\t\t\t\t<h2 class=\"elementor-heading-title elementor-size-default\">Et les laur\u00e9ats sont...<\/h2>\t\t\t\t<\/div>\n\t\t\t\t<\/div>\n\t\t\t\t<div class=\"elementor-element elementor-element-36e99b2 elementor-widget elementor-widget-text-editor\" data-id=\"36e99b2\" data-element_type=\"widget\" data-widget_type=\"text-editor.default\">\n\t\t\t\t<div class=\"elementor-widget-container\">\n\t\t\t\t\t\t\t\t\t<p>\u00ab F\u00e9licitations \u00e0 tous les laur\u00e9ats, mais aussi \u00e0 l\u2019ensemble des participants. Il ne s\u2019agissait pas simplement de gagner un prix, et les quelque 70 inscrits et 50 participants ayant soumis un dossier valide l\u2019ont bien compris. Chacun recevra un certificat, que nous esp\u00e9rons \u00eatre un encouragement pour une belle carri\u00e8re future. Le succ\u00e8s va bien au-del\u00e0 d\u2019une place sur le podium. \u00bb<\/p>\n<p>\u00ab L\u2019objectif du projet \u00e9tait de faire r\u00e9fl\u00e9chir les jeunes, de les inviter \u00e0 suspendre le temps, \u00e0 \u00eatre cr\u00e9atifs, innovants, et \u00e0 se sentir fiers de leur parcours et de leur m\u00e9tier. Mission accomplie \u00bb, conclut Marc Declerck.<\/p>\n\t\t\t\t\t\t\t\t<\/div>\n\t\t\t\t<\/div>\n\t\t\t\t<div class=\"elementor-element elementor-element-91ec9ca elementor-widget elementor-widget-heading\" data-id=\"91ec9ca\" data-element_type=\"widget\" data-widget_type=\"heading.default\">\n\t\t\t\t<div class=\"elementor-widget-container\">\n\t\t\t\t\t<h2 class=\"elementor-heading-title elementor-size-default\">Aspiration &amp; Innovation Challenge 2025<\/h2>\t\t\t\t<\/div>\n\t\t\t\t<\/div>\n\t\t\t\t<div class=\"elementor-element elementor-element-09069b8 elementor-widget elementor-widget-text-editor\" data-id=\"09069b8\" data-element_type=\"widget\" data-widget_type=\"text-editor.default\">\n\t\t\t\t<div class=\"elementor-widget-container\">\n\t\t\t\t\t\t\t\t\t<ul>\n<li>1er prix : PIVA Hotelschool, Antwerpen (Emme en Daan)<\/li>\n<li>2e prix, ex aequo : Hotelschool Gent (Azra en Sven) et Hotelschool Ter Duinen, Koksijde (Femke)<\/li>\n<li>3e prix, ex aequo : Sint Jozef, Geel (Fabian en Rh\u00fcne), Institut \u00c9mile Gryzon, Anderlecht (Andriana, Isaac, Joshua et Teofil) EHTL Luxembourg (Marie, Alicia, Alisa, Adriana)<\/li>\n<\/ul>\n\t\t\t\t\t\t\t\t<\/div>\n\t\t\t\t<\/div>\n\t\t\t\t<div class=\"elementor-element elementor-element-bbb67c7 elementor-widget elementor-widget-heading\" data-id=\"bbb67c7\" data-element_type=\"widget\" data-widget_type=\"heading.default\">\n\t\t\t\t<div class=\"elementor-widget-container\">\n\t\t\t\t\t<h2 class=\"elementor-heading-title elementor-size-default\">Creativity Challenge 2025<\/h2>\t\t\t\t<\/div>\n\t\t\t\t<\/div>\n\t\t\t\t<div class=\"elementor-element elementor-element-7c5ddad elementor-widget elementor-widget-text-editor\" data-id=\"7c5ddad\" data-element_type=\"widget\" data-widget_type=\"text-editor.default\">\n\t\t\t\t<div class=\"elementor-widget-container\">\n\t\t\t\t\t\t\t\t\t<ul>\n<li>1er prix, ex aequo : PIVA Hotelschool, Antwerpen (Geike) et PIVA Hotelchool , Antwerpen (Fatma)<\/li>\n<li>2e prix : Hotelschool Turnhout (Elias)<\/li>\n<li>3e prix, ex aequo : Sint Jozef, Geel (Fabian), Institut \u00c9mile Gryzon, Anderlecht (Daniel)<\/li>\n<li>4e prix : Hotelschool Spermalie Brugge (Julie)<\/li>\n<li>Prix de l&rsquo;originalit\u00e9 : EHTL, Luxembourg (Leo)<\/li>\n<li>Prix de la plus grande \u00e9quipe participante : Hotelschool Spermalie Brugge<\/li>\n<\/ul>\n\t\t\t\t\t\t\t\t<\/div>\n\t\t\t\t<\/div>\n\t\t\t\t\t<\/div>\n\t\t\t\t<\/div>\n\t\t\t\t<\/div>\n\t\t","protected":false},"excerpt":{"rendered":"<p>La g\u00e9n\u00e9ration Z d\u2019\u00e9coles h\u00f4teli\u00e8res pleinement ancr\u00e9e dans son \u00e9poque.<\/p>\n","protected":false},"author":44,"featured_media":248436,"comment_status":"open","ping_status":"open","sticky":false,"template":"","format":"standard","meta":{"_seopress_robots_primary_cat":"none","_seopress_titles_title":"Le projet Gault&Millau Young Horeca Talents r\u00e9compense des \u00e9l\u00e8ves cr\u00e9atifs.","_seopress_titles_desc":"Gault&Millau a r\u00e9compens\u00e9s les laur\u00e9ats du Young Horeca Talents projet.","_seopress_robots_index":"","footnotes":""},"categories":[2596],"tags":[],"edition":[],"class_list":["post-248447","post","type-post","status-publish","format-standard","has-post-thumbnail","hentry","category-blog-fr"],"_links":{"self":[{"href":"https:\/\/www.horecaexpo.be\/fr\/wp-json\/wp\/v2\/posts\/248447","targetHints":{"allow":["GET"]}}],"collection":[{"href":"https:\/\/www.horecaexpo.be\/fr\/wp-json\/wp\/v2\/posts"}],"about":[{"href":"https:\/\/www.horecaexpo.be\/fr\/wp-json\/wp\/v2\/types\/post"}],"author":[{"embeddable":true,"href":"https:\/\/www.horecaexpo.be\/fr\/wp-json\/wp\/v2\/users\/44"}],"replies":[{"embeddable":true,"href":"https:\/\/www.horecaexpo.be\/fr\/wp-json\/wp\/v2\/comments?post=248447"}],"version-history":[{"count":0,"href":"https:\/\/www.horecaexpo.be\/fr\/wp-json\/wp\/v2\/posts\/248447\/revisions"}],"wp:featuredmedia":[{"embeddable":true,"href":"https:\/\/www.horecaexpo.be\/fr\/wp-json\/wp\/v2\/media\/248436"}],"wp:attachment":[{"href":"https:\/\/www.horecaexpo.be\/fr\/wp-json\/wp\/v2\/media?parent=248447"}],"wp:term":[{"taxonomy":"category","embeddable":true,"href":"https:\/\/www.horecaexpo.be\/fr\/wp-json\/wp\/v2\/categories?post=248447"},{"taxonomy":"post_tag","embeddable":true,"href":"https:\/\/www.horecaexpo.be\/fr\/wp-json\/wp\/v2\/tags?post=248447"},{"taxonomy":"edition","embeddable":true,"href":"https:\/\/www.horecaexpo.be\/fr\/wp-json\/wp\/v2\/edition?post=248447"}],"curies":[{"name":"wp","href":"https:\/\/api.w.org\/{rel}","templated":true}]}}