{"id":167835,"date":"2023-04-11T13:34:06","date_gmt":"2023-04-11T11:34:06","guid":{"rendered":"https:\/\/www.horecaexpo.be\/focus-sur-hotel-hospitality-dans-le-hall-3\/"},"modified":"2023-04-11T14:15:30","modified_gmt":"2023-04-11T12:15:30","slug":"focus-sur-hotel-hospitality-dans-le-hall-3","status":"publish","type":"post","link":"https:\/\/www.horecaexpo.be\/fr\/focus-sur-hotel-hospitality-dans-le-hall-3\/","title":{"rendered":"Focus sur Hotel &#038; Hospitality dans le hall 3."},"content":{"rendered":"\t\t<div data-elementor-type=\"wp-post\" data-elementor-id=\"167835\" class=\"elementor elementor-167835 elementor-167822\" data-elementor-post-type=\"post\">\n\t\t\t\t\t\t<section class=\"elementor-section elementor-top-section elementor-element elementor-element-0e73279 elementor-section-boxed elementor-section-height-default elementor-section-height-default\" data-id=\"0e73279\" data-element_type=\"section\">\n\t\t\t\t\t\t<div class=\"elementor-container elementor-column-gap-default\">\n\t\t\t\t\t<div class=\"elementor-column elementor-col-100 elementor-top-column elementor-element elementor-element-7237655\" data-id=\"7237655\" data-element_type=\"column\">\n\t\t\t<div class=\"elementor-widget-wrap elementor-element-populated\">\n\t\t\t\t\t\t<div class=\"elementor-element elementor-element-7fbc1e5 elementor-widget elementor-widget-text-editor\" data-id=\"7fbc1e5\" data-element_type=\"widget\" data-widget_type=\"text-editor.default\">\n\t\t\t\t<div class=\"elementor-widget-container\">\n\t\t\t\t\t\t\t\t\tLes chiffres du dernier rapport annuel de Foodservice Alliance prouvent que les nuit\u00e9es sont un march\u00e9 en pleine croissance.\r\n\r\nCes derni\u00e8res ann\u00e9es, les exploitants d&rsquo;h\u00f4tels et de b&amp;b ont d\u00e9j\u00e0 trouv\u00e9 le chemin vers Horeca Expo, mais dans la prochaine \u00e9dition, ils auront encore plus de raisons de visiter le salon.\r\nLe hall 3 se concentrera enti\u00e8rement sur le segment H\u00d4TEL &amp; HOSPITALIT\u00c9 pendant l&rsquo;Horeca Expo 2023.\r\nNous nous concentrons ici sur les propri\u00e9taires et les employ\u00e9s d&rsquo;h\u00f4tels, de b&amp;b et les op\u00e9rateurs d&rsquo;autres h\u00e9bergements.\t\t\t\t\t\t\t\t<\/div>\n\t\t\t\t<\/div>\n\t\t\t\t\t<\/div>\n\t\t<\/div>\n\t\t\t\t\t<\/div>\n\t\t<\/section>\n\t\t\t\t<section class=\"elementor-section elementor-top-section elementor-element elementor-element-a5538d8 elementor-section-boxed elementor-section-height-default elementor-section-height-default\" data-id=\"a5538d8\" data-element_type=\"section\">\n\t\t\t\t\t\t<div class=\"elementor-container elementor-column-gap-default\">\n\t\t\t\t\t<div class=\"elementor-column elementor-col-100 elementor-top-column elementor-element elementor-element-eefe02a\" data-id=\"eefe02a\" data-element_type=\"column\">\n\t\t\t<div class=\"elementor-widget-wrap elementor-element-populated\">\n\t\t\t\t\t\t<div class=\"elementor-element elementor-element-01cdd72 elementor-widget elementor-widget-heading\" data-id=\"01cdd72\" data-element_type=\"widget\" data-widget_type=\"heading.default\">\n\t\t\t\t<div class=\"elementor-widget-container\">\n\t\t\t\t\t<h2 class=\"elementor-heading-title elementor-size-default\">OFFRE TOTALE<\/h2>\t\t\t\t<\/div>\n\t\t\t\t<\/div>\n\t\t\t\t<div class=\"elementor-element elementor-element-96cbe8b elementor-widget elementor-widget-text-editor\" data-id=\"96cbe8b\" data-element_type=\"widget\" data-widget_type=\"text-editor.default\">\n\t\t\t\t<div class=\"elementor-widget-container\">\n\t\t\t\t\t\t\t\t\tTous les aspects de l&rsquo;h\u00f4tellerie seront couverts : de la <strong>chambre<\/strong> et le <strong>salon<\/strong>, jusqu\u2019au <strong>lobby<\/strong>, au <strong>bar<\/strong> et au <strong>restaurant<\/strong>, en passant par la <strong>salle de bains<\/strong>.\r\nEt ce, en termes de mobilier, \u00e9quipement, d\u00e9coration et accessoires.\t\t\t\t\t\t\t\t<\/div>\n\t\t\t\t<\/div>\n\t\t\t\t\t<\/div>\n\t\t<\/div>\n\t\t\t\t\t<\/div>\n\t\t<\/section>\n\t\t\t\t<section class=\"elementor-section elementor-top-section elementor-element elementor-element-b6de8d9 elementor-section-boxed elementor-section-height-default elementor-section-height-default\" data-id=\"b6de8d9\" data-element_type=\"section\">\n\t\t\t\t\t\t<div class=\"elementor-container elementor-column-gap-default\">\n\t\t\t\t\t<div class=\"elementor-column elementor-col-100 elementor-top-column elementor-element elementor-element-47bb3ec\" data-id=\"47bb3ec\" data-element_type=\"column\">\n\t\t\t<div class=\"elementor-widget-wrap elementor-element-populated\">\n\t\t\t\t\t\t<div class=\"elementor-element elementor-element-4dd9801 elementor-widget elementor-widget-heading\" data-id=\"4dd9801\" data-element_type=\"widget\" data-widget_type=\"heading.default\">\n\t\t\t\t<div class=\"elementor-widget-container\">\n\t\t\t\t\t<h2 class=\"elementor-heading-title elementor-size-default\">HOTEL VISION<\/h2>\t\t\t\t<\/div>\n\t\t\t\t<\/div>\n\t\t\t\t<div class=\"elementor-element elementor-element-21b2c51 elementor-widget elementor-widget-text-editor\" data-id=\"21b2c51\" data-element_type=\"widget\" data-widget_type=\"text-editor.default\">\n\t\t\t\t<div class=\"elementor-widget-container\">\n\t\t\t\t\t\t\t\t\tAu centre du Hall 3, le projet HOTEL VISION propose une exp\u00e9rience totale avec l&rsquo;\u00e9laboration d&rsquo;un hall d&rsquo;h\u00f4tel, d&rsquo;une chambre et d&rsquo;un bar. Nous travaillons avec des partenaires dans les domaines suivants :\t\t\t\t\t\t\t\t<\/div>\n\t\t\t\t<\/div>\n\t\t\t\t<section class=\"elementor-section elementor-inner-section elementor-element elementor-element-ade8ed5 elementor-section-boxed elementor-section-height-default elementor-section-height-default\" data-id=\"ade8ed5\" data-element_type=\"section\">\n\t\t\t\t\t\t<div class=\"elementor-container elementor-column-gap-default\">\n\t\t\t\t\t<div class=\"elementor-column elementor-col-50 elementor-inner-column elementor-element elementor-element-256de87\" data-id=\"256de87\" data-element_type=\"column\">\n\t\t\t<div class=\"elementor-widget-wrap elementor-element-populated\">\n\t\t\t\t\t\t<div class=\"elementor-element elementor-element-ae6b08a elementor-widget elementor-widget-text-editor\" data-id=\"ae6b08a\" data-element_type=\"widget\" data-widget_type=\"text-editor.default\">\n\t\t\t\t<div class=\"elementor-widget-container\">\n\t\t\t\t\t\t\t\t\t<ul>\r\n \t<li>meubles<\/li>\r\n \t<li>lits<\/li>\r\n \t<li>salle de bain<\/li>\r\n \t<li>textile<\/li>\r\n \t<li>\u00e9clairage<\/li>\r\n \t<li>rideaux<\/li>\r\n \t<li>tableware<\/li>\r\n<\/ul>\t\t\t\t\t\t\t\t<\/div>\n\t\t\t\t<\/div>\n\t\t\t\t\t<\/div>\n\t\t<\/div>\n\t\t\t\t<div class=\"elementor-column elementor-col-50 elementor-inner-column elementor-element elementor-element-09a56e6\" data-id=\"09a56e6\" data-element_type=\"column\">\n\t\t\t<div class=\"elementor-widget-wrap elementor-element-populated\">\n\t\t\t\t\t\t<div class=\"elementor-element elementor-element-6634d3a elementor-widget elementor-widget-text-editor\" data-id=\"6634d3a\" data-element_type=\"widget\" data-widget_type=\"text-editor.default\">\n\t\t\t\t<div class=\"elementor-widget-container\">\n\t\t\t\t\t\t\t\t\t<ul>\r\n \t<li>rev\u00eatement mural<\/li>\r\n \t<li>rev\u00eatement de sol<\/li>\r\n \t<li>audio | vid\u00e9o<\/li>\r\n \t<li>acoustique<\/li>\r\n \t<li>bien-\u00eatre<\/li>\r\n \t<li>logiciel<\/li>\r\n \t<li>&#8230;<\/li>\r\n<\/ul>\t\t\t\t\t\t\t\t<\/div>\n\t\t\t\t<\/div>\n\t\t\t\t\t<\/div>\n\t\t<\/div>\n\t\t\t\t\t<\/div>\n\t\t<\/section>\n\t\t\t\t\t<\/div>\n\t\t<\/div>\n\t\t\t\t\t<\/div>\n\t\t<\/section>\n\t\t\t\t<\/div>\n\t\t","protected":false},"excerpt":{"rendered":"<p>Les chiffres du dernier rapport annuel de Foodservice Alliance prouvent que les nuit\u00e9es sont un march\u00e9 en pleine croissance. Ces derni\u00e8res ann\u00e9es, les exploitants d&rsquo;h\u00f4tels et de b&amp;b ont d\u00e9j\u00e0 trouv\u00e9 le chemin vers Horeca Expo, mais dans la prochaine \u00e9dition, ils auront encore plus de raisons de visiter le salon. Le hall 3 se [&hellip;]<\/p>\n","protected":false},"author":44,"featured_media":167826,"comment_status":"open","ping_status":"open","sticky":false,"template":"","format":"standard","meta":{"_seopress_robots_primary_cat":"none","_seopress_titles_title":"Horeca Expo met l'accent sur Hotel & Hospitality dans le hall 3.","_seopress_titles_desc":"Les g\u00e9rants d'h\u00f4tels et de b&b ont encore plus de raisons de visiter Horeca Expo. Le hall 3 couvrira tous les aspects de l'h\u00f4tellerie. ","_seopress_robots_index":"","footnotes":""},"categories":[2803,2592],"tags":[],"edition":[],"class_list":["post-167835","post","type-post","status-publish","format-standard","has-post-thumbnail","hentry","category-geen-onderdeel-van-een-categorie-fr","category-update"],"_links":{"self":[{"href":"https:\/\/www.horecaexpo.be\/fr\/wp-json\/wp\/v2\/posts\/167835","targetHints":{"allow":["GET"]}}],"collection":[{"href":"https:\/\/www.horecaexpo.be\/fr\/wp-json\/wp\/v2\/posts"}],"about":[{"href":"https:\/\/www.horecaexpo.be\/fr\/wp-json\/wp\/v2\/types\/post"}],"author":[{"embeddable":true,"href":"https:\/\/www.horecaexpo.be\/fr\/wp-json\/wp\/v2\/users\/44"}],"replies":[{"embeddable":true,"href":"https:\/\/www.horecaexpo.be\/fr\/wp-json\/wp\/v2\/comments?post=167835"}],"version-history":[{"count":0,"href":"https:\/\/www.horecaexpo.be\/fr\/wp-json\/wp\/v2\/posts\/167835\/revisions"}],"wp:featuredmedia":[{"embeddable":true,"href":"https:\/\/www.horecaexpo.be\/fr\/wp-json\/wp\/v2\/media\/167826"}],"wp:attachment":[{"href":"https:\/\/www.horecaexpo.be\/fr\/wp-json\/wp\/v2\/media?parent=167835"}],"wp:term":[{"taxonomy":"category","embeddable":true,"href":"https:\/\/www.horecaexpo.be\/fr\/wp-json\/wp\/v2\/categories?post=167835"},{"taxonomy":"post_tag","embeddable":true,"href":"https:\/\/www.horecaexpo.be\/fr\/wp-json\/wp\/v2\/tags?post=167835"},{"taxonomy":"edition","embeddable":true,"href":"https:\/\/www.horecaexpo.be\/fr\/wp-json\/wp\/v2\/edition?post=167835"}],"curies":[{"name":"wp","href":"https:\/\/api.w.org\/{rel}","templated":true}]}}