{"id":155700,"date":"2022-11-15T11:41:19","date_gmt":"2022-11-15T10:41:19","guid":{"rendered":"https:\/\/www.horecaexpo.be\/decouvrez-la-gamme-de-cafes-nespresso-professional-origins\/"},"modified":"2022-11-15T13:54:54","modified_gmt":"2022-11-15T12:54:54","slug":"decouvrez-la-gamme-de-cafes-nespresso-professional-origins","status":"publish","type":"post","link":"https:\/\/www.horecaexpo.be\/fr\/decouvrez-la-gamme-de-cafes-nespresso-professional-origins\/","title":{"rendered":"D\u00e9couvrez la gamme de caf\u00e9s Nespresso Professional Origins"},"content":{"rendered":"\t\t<div data-elementor-type=\"wp-post\" data-elementor-id=\"155700\" class=\"elementor elementor-155700 elementor-155529\" data-elementor-post-type=\"post\">\n\t\t\t\t\t\t<section class=\"elementor-section elementor-top-section elementor-element elementor-element-a535ea6 elementor-section-boxed elementor-section-height-default elementor-section-height-default\" data-id=\"a535ea6\" data-element_type=\"section\">\n\t\t\t\t\t\t<div class=\"elementor-container elementor-column-gap-default\">\n\t\t\t\t\t<div class=\"elementor-column elementor-col-100 elementor-top-column elementor-element elementor-element-3824915\" data-id=\"3824915\" data-element_type=\"column\">\n\t\t\t<div class=\"elementor-widget-wrap elementor-element-populated\">\n\t\t\t\t\t\t<div class=\"elementor-element elementor-element-c48a55b elementor-widget elementor-widget-heading\" data-id=\"c48a55b\" data-element_type=\"widget\" data-widget_type=\"heading.default\">\n\t\t\t\t<div class=\"elementor-widget-container\">\n\t\t\t\t\t<h2 class=\"elementor-heading-title elementor-size-default\">D\u00e9couvrez comment le terroir, le savoir-faire des caf\u00e9iculteurs et l\u2019expertise Nespresso peuvent influencer votre tasse de caf\u00e9.<\/h2>\t\t\t\t<\/div>\n\t\t\t\t<\/div>\n\t\t\t\t\t<\/div>\n\t\t<\/div>\n\t\t\t\t\t<\/div>\n\t\t<\/section>\n\t\t\t\t<section class=\"elementor-section elementor-top-section elementor-element elementor-element-f70749e elementor-section-boxed elementor-section-height-default elementor-section-height-default\" data-id=\"f70749e\" data-element_type=\"section\">\n\t\t\t\t\t\t<div class=\"elementor-container elementor-column-gap-default\">\n\t\t\t\t\t<div class=\"elementor-column elementor-col-100 elementor-top-column elementor-element elementor-element-416b9ae\" data-id=\"416b9ae\" data-element_type=\"column\">\n\t\t\t<div class=\"elementor-widget-wrap elementor-element-populated\">\n\t\t\t\t\t\t<div class=\"elementor-element elementor-element-0aa5236 elementor-widget elementor-widget-text-editor\" data-id=\"0aa5236\" data-element_type=\"widget\" data-widget_type=\"text-editor.default\">\n\t\t\t\t<div class=\"elementor-widget-container\">\n\t\t\t\t\t\t\t\t\tNespresso se r\u00e9jouit de vous accueillir <strong>le dimanche 20 novembre<\/strong> \u00e0 12h et 15h sur son <strong>stand 2211<\/strong> dans le hall 2.\r\n\r\nL&rsquo;expert Caf\u00e9 de Nespresso vous fera d\u00e9couvrir les <a href=\"https:\/\/www.nespresso.com\/pro\/be\/fr\/doing-is-everything\" target=\"_blank\" rel=\"noopener\">Caf\u00e9s Origins<\/a>.\r\n\r\nC&rsquo;est l&rsquo;occasion id\u00e9ale de go\u00fbter le \u00ab\u00a0Cappuccino Choco Passion\u00a0\u00bb, une recette d\u00e9licieuse r\u00e9alis\u00e9e avec leur nouveau <a href=\"https:\/\/www.nespresso.com\/pro\/be\/fr\/order\/capsules\/pro\/origin-colombia-organic-boite-50-capsule\" target=\"_blank\" rel=\"noopener\">Caf\u00e9 Colombia Organic<\/a>. Un caf\u00e9 cultiv\u00e9 avec savoir-faire par des agriculteurs de la r\u00e9gion de Tolima, avec le plus grand soin et dans le respect de pratiques biologiques strictes qui favorisent la pr\u00e9servation de l&rsquo;environnement.\t\t\t\t\t\t\t\t<\/div>\n\t\t\t\t<\/div>\n\t\t\t\t\t<\/div>\n\t\t<\/div>\n\t\t\t\t\t<\/div>\n\t\t<\/section>\n\t\t\t\t<section class=\"elementor-section elementor-top-section elementor-element elementor-element-6e06a89 elementor-section-boxed elementor-section-height-default elementor-section-height-default\" data-id=\"6e06a89\" data-element_type=\"section\">\n\t\t\t\t\t\t<div class=\"elementor-container elementor-column-gap-default\">\n\t\t\t\t\t<div class=\"elementor-column elementor-col-100 elementor-top-column elementor-element elementor-element-ced8895\" data-id=\"ced8895\" data-element_type=\"column\">\n\t\t\t<div class=\"elementor-widget-wrap elementor-element-populated\">\n\t\t\t\t\t\t<div class=\"elementor-element elementor-element-810ebf3 elementor-widget elementor-widget-image\" data-id=\"810ebf3\" data-element_type=\"widget\" data-widget_type=\"image.default\">\n\t\t\t\t<div class=\"elementor-widget-container\">\n\t\t\t\t\t\t\t\t\t\t\t\t\t\t\t<img fetchpriority=\"high\" decoding=\"async\" width=\"800\" height=\"534\" src=\"https:\/\/easyfairsassets.com\/sites\/388\/2022\/11\/Nespresso-1024x683.jpg\" class=\"attachment-large size-large wp-image-155646\" alt=\"Nespresso Country: Colombia\" srcset=\"https:\/\/easyfairsassets.com\/sites\/388\/2022\/11\/Nespresso-1024x683.jpg 1024w, https:\/\/easyfairsassets.com\/sites\/388\/2022\/11\/Nespresso-300x200.jpg 300w, https:\/\/easyfairsassets.com\/sites\/388\/2022\/11\/Nespresso-768x512.jpg 768w, https:\/\/easyfairsassets.com\/sites\/388\/2022\/11\/Nespresso-1536x1025.jpg 1536w, https:\/\/easyfairsassets.com\/sites\/388\/2022\/11\/Nespresso.jpg 1920w\" sizes=\"(max-width: 800px) 100vw, 800px\" \/>\t\t\t\t\t\t\t\t\t\t\t\t\t\t\t<\/div>\n\t\t\t\t<\/div>\n\t\t\t\t\t<\/div>\n\t\t<\/div>\n\t\t\t\t\t<\/div>\n\t\t<\/section>\n\t\t\t\t<\/div>\n\t\t","protected":false},"excerpt":{"rendered":"<p>D\u00e9couvrez comment le terroir, le savoir-faire des caf\u00e9iculteurs et l\u2019expertise Nespresso peuvent influencer votre tasse de caf\u00e9.<\/p>\n","protected":false},"author":44,"featured_media":155528,"comment_status":"open","ping_status":"open","sticky":false,"template":"","format":"standard","meta":{"_seopress_robots_primary_cat":"none","_seopress_titles_title":"Nespresso Masterclass \u00e0 Horeca Expo 2022.","_seopress_titles_desc":"D\u00e9couvrez comment le terroir, le savoir-faire des caf\u00e9iculteurs et l\u2019expertise Nespresso peuvent influencer votre tasse de caf\u00e9.","_seopress_robots_index":"","footnotes":""},"categories":[2601],"tags":[],"edition":[],"class_list":["post-155700","post","type-post","status-publish","format-standard","has-post-thumbnail","hentry","category-actualites-des-exposants"],"_links":{"self":[{"href":"https:\/\/www.horecaexpo.be\/fr\/wp-json\/wp\/v2\/posts\/155700","targetHints":{"allow":["GET"]}}],"collection":[{"href":"https:\/\/www.horecaexpo.be\/fr\/wp-json\/wp\/v2\/posts"}],"about":[{"href":"https:\/\/www.horecaexpo.be\/fr\/wp-json\/wp\/v2\/types\/post"}],"author":[{"embeddable":true,"href":"https:\/\/www.horecaexpo.be\/fr\/wp-json\/wp\/v2\/users\/44"}],"replies":[{"embeddable":true,"href":"https:\/\/www.horecaexpo.be\/fr\/wp-json\/wp\/v2\/comments?post=155700"}],"version-history":[{"count":0,"href":"https:\/\/www.horecaexpo.be\/fr\/wp-json\/wp\/v2\/posts\/155700\/revisions"}],"wp:featuredmedia":[{"embeddable":true,"href":"https:\/\/www.horecaexpo.be\/fr\/wp-json\/wp\/v2\/media\/155528"}],"wp:attachment":[{"href":"https:\/\/www.horecaexpo.be\/fr\/wp-json\/wp\/v2\/media?parent=155700"}],"wp:term":[{"taxonomy":"category","embeddable":true,"href":"https:\/\/www.horecaexpo.be\/fr\/wp-json\/wp\/v2\/categories?post=155700"},{"taxonomy":"post_tag","embeddable":true,"href":"https:\/\/www.horecaexpo.be\/fr\/wp-json\/wp\/v2\/tags?post=155700"},{"taxonomy":"edition","embeddable":true,"href":"https:\/\/www.horecaexpo.be\/fr\/wp-json\/wp\/v2\/edition?post=155700"}],"curies":[{"name":"wp","href":"https:\/\/api.w.org\/{rel}","templated":true}]}}